{"id":1529,"date":"2013-01-18T15:15:51","date_gmt":"2013-01-18T14:15:51","guid":{"rendered":"http:\/\/www.confrerie-saint-symphorien.be\/?p=1529"},"modified":"2017-12-27T15:18:07","modified_gmt":"2017-12-27T14:18:07","slug":"la-marche-du-chiconnier-telemb-18-01-2013","status":"publish","type":"post","link":"http:\/\/www.confrerie-saint-symphorien.be\/?p=1529","title":{"rendered":"La Marche du Chiconnier &#8211; TeleMB &#8211; 18\/01\/2013"},"content":{"rendered":"<p>\u00ab\u00a0Hainaut Culture et D\u00e9mocratie\u00a0\u00bb d\u00e9couvre les communes du Grand Mons une \u00e0 une. Chaque ann\u00e9e, l &lsquo;asbl publie un livre d\u00e9di\u00e9 au patrimoine de l&rsquo;une des 19 entit\u00e9s. Cette fois, c&rsquo;est St Symphorien qui est mis \u00e0 l&rsquo;honneur. La salle Calva du village re\u00e7oit une exposition. Le livre \u00ab\u00a0A la d\u00e9couverte de ma commune\u00a0\u00bb, retrace son histoire du village.<\/p>\n<div style=\"width: 480px;\" class=\"wp-video\"><video class=\"wp-video-shortcode\" id=\"video-1529-1\" width=\"480\" height=\"270\" preload=\"metadata\" controls=\"controls\"><source type=\"video\/mp4\" src=\"http:\/\/www.confrerie-saint-symphorien.be\/wp-content\/uploads\/2013\/01\/T\u00e9l\u00e9MB-18012013-Mons-La-marche-du-chiconnier.mp4?_=1\" \/><a href=\"http:\/\/www.confrerie-saint-symphorien.be\/wp-content\/uploads\/2013\/01\/T\u00e9l\u00e9MB-18012013-Mons-La-marche-du-chiconnier.mp4\">http:\/\/www.confrerie-saint-symphorien.be\/wp-content\/uploads\/2013\/01\/T\u00e9l\u00e9MB-18012013-Mons-La-marche-du-chiconnier.mp4<\/a><\/video><\/div>\n","protected":false},"excerpt":{"rendered":"<p>\u00ab\u00a0Hainaut Culture et D\u00e9mocratie\u00a0\u00bb d\u00e9couvre les communes du Grand Mons une \u00e0 une. Chaque ann\u00e9e, l &lsquo;asbl publie un livre d\u00e9di\u00e9 au patrimoine de l&rsquo;une des 19 entit\u00e9s. Cette fois, c&rsquo;est St Symphorien qui est mis \u00e0 l&rsquo;honneur. La salle Calva du village re\u00e7oit une exposition. Le livre \u00ab\u00a0A la d\u00e9couverte de ma commune\u00a0\u00bb, retrace &hellip; <\/p>\n<p class=\"link-more\"><a href=\"http:\/\/www.confrerie-saint-symphorien.be\/?p=1529\" class=\"more-link\">Continuer la lecture<span class=\"screen-reader-text\"> de &laquo;&nbsp;La Marche du Chiconnier &#8211; TeleMB &#8211; 18\/01\/2013&nbsp;&raquo;<\/span><\/a><\/p>\n","protected":false},"author":1,"featured_media":0,"comment_status":"open","ping_status":"open","sticky":false,"template":"","format":"video","meta":{"_exactmetrics_skip_tracking":false,"_exactmetrics_sitenote_active":false,"_exactmetrics_sitenote_note":"","_exactmetrics_sitenote_category":0,"ngg_post_thumbnail":0,"footnotes":""},"categories":[13],"tags":[],"class_list":["post-1529","post","type-post","status-publish","format-video","hentry","category-video","post_format-post-format-video"],"_links":{"self":[{"href":"http:\/\/www.confrerie-saint-symphorien.be\/index.php?rest_route=\/wp\/v2\/posts\/1529","targetHints":{"allow":["GET"]}}],"collection":[{"href":"http:\/\/www.confrerie-saint-symphorien.be\/index.php?rest_route=\/wp\/v2\/posts"}],"about":[{"href":"http:\/\/www.confrerie-saint-symphorien.be\/index.php?rest_route=\/wp\/v2\/types\/post"}],"author":[{"embeddable":true,"href":"http:\/\/www.confrerie-saint-symphorien.be\/index.php?rest_route=\/wp\/v2\/users\/1"}],"replies":[{"embeddable":true,"href":"http:\/\/www.confrerie-saint-symphorien.be\/index.php?rest_route=%2Fwp%2Fv2%2Fcomments&post=1529"}],"version-history":[{"count":2,"href":"http:\/\/www.confrerie-saint-symphorien.be\/index.php?rest_route=\/wp\/v2\/posts\/1529\/revisions"}],"predecessor-version":[{"id":1532,"href":"http:\/\/www.confrerie-saint-symphorien.be\/index.php?rest_route=\/wp\/v2\/posts\/1529\/revisions\/1532"}],"wp:attachment":[{"href":"http:\/\/www.confrerie-saint-symphorien.be\/index.php?rest_route=%2Fwp%2Fv2%2Fmedia&parent=1529"}],"wp:term":[{"taxonomy":"category","embeddable":true,"href":"http:\/\/www.confrerie-saint-symphorien.be\/index.php?rest_route=%2Fwp%2Fv2%2Fcategories&post=1529"},{"taxonomy":"post_tag","embeddable":true,"href":"http:\/\/www.confrerie-saint-symphorien.be\/index.php?rest_route=%2Fwp%2Fv2%2Ftags&post=1529"}],"curies":[{"name":"wp","href":"https:\/\/api.w.org\/{rel}","templated":true}]}}