{"id":2721,"date":"2022-01-13T19:34:25","date_gmt":"2022-01-13T18:34:25","guid":{"rendered":"http:\/\/www.confrerie-saint-symphorien.be\/?p=2721"},"modified":"2022-01-13T20:14:05","modified_gmt":"2022-01-13T19:14:05","slug":"le-moulin-a-vent","status":"publish","type":"post","link":"http:\/\/www.confrerie-saint-symphorien.be\/?p=2721","title":{"rendered":"Le moulin \u00e0 vent."},"content":{"rendered":"\n<p><strong>Il fut \u00e9difi\u00e9 au XVIII\u00e8me si\u00e8cle sur un terrain d&rsquo;un bonnier (environ 1 ha), propri\u00e9t\u00e9 de l&rsquo;Ordre de Malte, et d\u00e9moli peu apr\u00e8s la seconde guerre mondiale.<\/strong><\/p>\n\n\n\n<p>Nous avons vu au chapitre Cartes et Plans &#8211; rubrique \u00ab\u00a0Les plans cadastraux du XIX\u00e8me si\u00e8cle\u00a0\u00bb, qu&rsquo;en 1767, le meunier Vandermal de Thieusies avait re\u00e7u de l&rsquo;Ordre de Malte l&rsquo;autorisation de construire \u00ab\u00a0un moulin \u00e0 vent \u00e0 moudre le grain, sur un bonnier de terre sur\u00e9lev\u00e9e, tenant au pav\u00e9 de Binche et du chemin menant \u00e0 Harmignies\u00a0\u00bb.<\/p>\n\n\n\n<p>La r\u00e9alit\u00e9 est un peu plus complexe.<\/p>\n\n\n\n<p>&#8211; Par acte du 20 d\u00e9cembre 1766 (approuv\u00e9 le 30 mars 1767), un bail emphyt\u00e9otique de 99 ans (sorte de bail de longue dur\u00e9e qui conf\u00e8re au preneur un droit r\u00e9el susceptible d&rsquo;hypoth\u00e8que) est accord\u00e9 par l&rsquo;Ordre de Malte au meunier Vandermal, sur un bonnier de terre labourable situ\u00e9 \u00e0 Saint-Symphorien (actuelle rue Blancart) en vue d&rsquo;y construire un moulin \u00e0 vent.<br>&#8211; Le sieur Vandermal, pour une raison inconnue, r\u00e9troc\u00e9da d\u00e8s l&rsquo;ann\u00e9e 1769 ce droit d&#8217;emphyt\u00e9ose \u00e0 un autre meunier, Louis Joseph Brokart, de r\u00e9sidence \u00e0 Herchies.<br>&#8211; Le 23 mars 1769, un nouveau contrat d&#8217;emphyt\u00e9ose fut conclu entre le sieur Brokart et l&rsquo;Ordre de Malte selon une convention dont nous poss\u00e9dons une copie int\u00e9grale ; celle-ci figure au chapitre Biblioth\u00e8que &#8211; rubrique \u00ab\u00a0Actes et documents anciens\u00a0\u00bb.&nbsp;<\/p>\n\n\n\n<p>A lire avec d\u00e9lectation.<\/p>\n\n\n\n<div class=\"wp-block-image\"><figure class=\"aligncenter size-large\"><img loading=\"lazy\" decoding=\"async\" width=\"846\" height=\"438\" src=\"http:\/\/www.confrerie-saint-symphorien.be\/wp-content\/uploads\/2020\/11\/Popp_moulin.jpg\" alt=\"\" class=\"wp-image-2722\" srcset=\"http:\/\/www.confrerie-saint-symphorien.be\/wp-content\/uploads\/2020\/11\/Popp_moulin.jpg 846w, http:\/\/www.confrerie-saint-symphorien.be\/wp-content\/uploads\/2020\/11\/Popp_moulin-300x155.jpg 300w, http:\/\/www.confrerie-saint-symphorien.be\/wp-content\/uploads\/2020\/11\/Popp_moulin-768x398.jpg 768w\" sizes=\"auto, (max-width: 706px) 89vw, (max-width: 767px) 82vw, 740px\" \/><figcaption>Plan cadastral POPP (environ 1860).<\/figcaption><\/figure><\/div>\n\n\n\n<div class=\"wp-block-image\"><figure class=\"aligncenter size-large\"><img loading=\"lazy\" decoding=\"async\" width=\"984\" height=\"514\" src=\"http:\/\/www.confrerie-saint-symphorien.be\/wp-content\/uploads\/2020\/11\/Moulin_IGN.jpg\" alt=\"\" class=\"wp-image-2724\" srcset=\"http:\/\/www.confrerie-saint-symphorien.be\/wp-content\/uploads\/2020\/11\/Moulin_IGN.jpg 984w, http:\/\/www.confrerie-saint-symphorien.be\/wp-content\/uploads\/2020\/11\/Moulin_IGN-300x157.jpg 300w, http:\/\/www.confrerie-saint-symphorien.be\/wp-content\/uploads\/2020\/11\/Moulin_IGN-768x401.jpg 768w\" sizes=\"auto, (max-width: 706px) 89vw, (max-width: 767px) 82vw, 740px\" \/><figcaption>Carte IGN de 1887.<\/figcaption><\/figure><\/div>\n\n\n\n<div class=\"wp-block-image\"><figure class=\"aligncenter size-large\"><img loading=\"lazy\" decoding=\"async\" width=\"482\" height=\"632\" src=\"http:\/\/www.confrerie-saint-symphorien.be\/wp-content\/uploads\/2020\/11\/Moulin_site_1.jpg\" alt=\"\" class=\"wp-image-2725\" srcset=\"http:\/\/www.confrerie-saint-symphorien.be\/wp-content\/uploads\/2020\/11\/Moulin_site_1.jpg 482w, http:\/\/www.confrerie-saint-symphorien.be\/wp-content\/uploads\/2020\/11\/Moulin_site_1-229x300.jpg 229w\" sizes=\"auto, (max-width: 482px) 100vw, 482px\" \/><figcaption>Le moulin photographi\u00e9 apr\u00e8s la guerre 1940-1945. On constate qu&rsquo;une construction plus l\u00e9g\u00e8re jouxte le moulin sur la gauche.<\/figcaption><\/figure><\/div>\n\n\n\n<div class=\"wp-block-image\"><figure class=\"aligncenter size-large\"><img loading=\"lazy\" decoding=\"async\" width=\"697\" height=\"680\" src=\"http:\/\/www.confrerie-saint-symphorien.be\/wp-content\/uploads\/2020\/11\/Moulin_site_2.jpg\" alt=\"\" class=\"wp-image-2727\" srcset=\"http:\/\/www.confrerie-saint-symphorien.be\/wp-content\/uploads\/2020\/11\/Moulin_site_2.jpg 697w, http:\/\/www.confrerie-saint-symphorien.be\/wp-content\/uploads\/2020\/11\/Moulin_site_2-300x293.jpg 300w\" sizes=\"auto, (max-width: 697px) 100vw, 697px\" \/><figcaption>Les travaux de d\u00e9molition commenc\u00e8rent peu de temps apr\u00e8s la prise de vue pr\u00e9c\u00e9dente. On constate sur le c\u00f4t\u00e9 droit de la photo un tas de sable apport\u00e9 vraisemblablement en vue d&rsquo;une nouvelle construction en lieu et place du moulin.<\/figcaption><\/figure><\/div>\n\n\n\n<p class=\"has-text-align-right has-small-font-size\">\u00a9Texte de Bernard Detry<\/p>\n","protected":false},"excerpt":{"rendered":"<p>Il fut \u00e9difi\u00e9 au XVIII\u00e8me si\u00e8cle sur un terrain d&rsquo;un bonnier (environ 1 ha), propri\u00e9t\u00e9 de l&rsquo;Ordre de Malte, et d\u00e9moli peu apr\u00e8s la seconde guerre mondiale. Nous avons vu au chapitre Cartes et Plans &#8211; rubrique \u00ab\u00a0Les plans cadastraux du XIX\u00e8me si\u00e8cle\u00a0\u00bb, qu&rsquo;en 1767, le meunier Vandermal de Thieusies avait re\u00e7u de l&rsquo;Ordre de &hellip; <\/p>\n<p class=\"link-more\"><a href=\"http:\/\/www.confrerie-saint-symphorien.be\/?p=2721\" class=\"more-link\">Continuer la lecture<span class=\"screen-reader-text\"> de &laquo;&nbsp;Le moulin \u00e0 vent.&nbsp;&raquo;<\/span><\/a><\/p>\n","protected":false},"author":1,"featured_media":0,"comment_status":"open","ping_status":"open","sticky":false,"template":"","format":"standard","meta":{"_exactmetrics_skip_tracking":false,"_exactmetrics_sitenote_active":false,"_exactmetrics_sitenote_note":"","_exactmetrics_sitenote_category":0,"ngg_post_thumbnail":0,"footnotes":""},"categories":[173],"tags":[],"class_list":["post-2721","post","type-post","status-publish","format-standard","hentry","category-patrimoine"],"_links":{"self":[{"href":"http:\/\/www.confrerie-saint-symphorien.be\/index.php?rest_route=\/wp\/v2\/posts\/2721","targetHints":{"allow":["GET"]}}],"collection":[{"href":"http:\/\/www.confrerie-saint-symphorien.be\/index.php?rest_route=\/wp\/v2\/posts"}],"about":[{"href":"http:\/\/www.confrerie-saint-symphorien.be\/index.php?rest_route=\/wp\/v2\/types\/post"}],"author":[{"embeddable":true,"href":"http:\/\/www.confrerie-saint-symphorien.be\/index.php?rest_route=\/wp\/v2\/users\/1"}],"replies":[{"embeddable":true,"href":"http:\/\/www.confrerie-saint-symphorien.be\/index.php?rest_route=%2Fwp%2Fv2%2Fcomments&post=2721"}],"version-history":[{"count":4,"href":"http:\/\/www.confrerie-saint-symphorien.be\/index.php?rest_route=\/wp\/v2\/posts\/2721\/revisions"}],"predecessor-version":[{"id":3386,"href":"http:\/\/www.confrerie-saint-symphorien.be\/index.php?rest_route=\/wp\/v2\/posts\/2721\/revisions\/3386"}],"wp:attachment":[{"href":"http:\/\/www.confrerie-saint-symphorien.be\/index.php?rest_route=%2Fwp%2Fv2%2Fmedia&parent=2721"}],"wp:term":[{"taxonomy":"category","embeddable":true,"href":"http:\/\/www.confrerie-saint-symphorien.be\/index.php?rest_route=%2Fwp%2Fv2%2Fcategories&post=2721"},{"taxonomy":"post_tag","embeddable":true,"href":"http:\/\/www.confrerie-saint-symphorien.be\/index.php?rest_route=%2Fwp%2Fv2%2Ftags&post=2721"}],"curies":[{"name":"wp","href":"https:\/\/api.w.org\/{rel}","templated":true}]}}