{"id":2729,"date":"2022-01-13T19:33:55","date_gmt":"2022-01-13T18:33:55","guid":{"rendered":"http:\/\/www.confrerie-saint-symphorien.be\/?p=2729"},"modified":"2022-01-13T20:13:39","modified_gmt":"2022-01-13T19:13:39","slug":"un-blason-pour-le-village","status":"publish","type":"post","link":"http:\/\/www.confrerie-saint-symphorien.be\/?p=2729","title":{"rendered":"Un blason pour le village"},"content":{"rendered":"\n<p><strong>Le Cercle HERALDUS de Mons a fait une proposition d&rsquo;armoiries pour le village de Saint-Symphorien au Bourgmestre M. Elio di Rupo.<\/strong><\/p>\n\n\n\n<p>Le Cercle HERALDUS de Mons a constat\u00e9, avec un certain \u00e9tonnement, que six des dix-huit villages de l\u2019entit\u00e9 de Mons ne poss\u00e9daient pas d\u2019armoiries d\u00fbment enregistr\u00e9es. Tel est le cas pour les villages de Ciply, Fl\u00e9nu, Harvengt, Nouvelles, Saint-Symphorien et Spiennes.&nbsp;<\/p>\n\n\n\n<p>Eu \u00e9gard \u00e0 l\u2019arr\u00eat\u00e9 du 26 f\u00e9vrier 1991 de l\u2019Ex\u00e9cutif de la Communaut\u00e9 fran\u00e7aise modifiant l\u2019arr\u00eat\u00e9 du 8 ao\u00fbt 1988 du m\u00eame Ex\u00e9cutif fixant la proc\u00e9dure de reconnaissance des armoiries, sceaux et drapeaux des villes et des communes, le Cercle Heraldus a r\u00e9dig\u00e9 un dossier contenant des propositions d\u2019armoiries pour les six villages montois concern\u00e9s afin qu\u2019il soit soumis, \u00e0 l\u2019initiative du Bourgmestre de la ville de Mons, Mr. Elio Di Rupo , pour avis au Conseil d\u2019h\u00e9raldique et de vexillologie de la Communaut\u00e9 fran\u00e7aise.<\/p>\n\n\n\n<p>Ce travail transmis au Bourgmestre par courrier dat\u00e9 du 8 janvier 2008 entre dans le cadre de l\u2019objet social du Cercle explicit\u00e9 \u00e0 l\u2019article 5 des statuts :<br>\u00ab L&rsquo;association a pour buts l\u2019\u00e9tude et l\u2019enseignement de la science et de l\u2019art du blason. La recherche h\u00e9raldique aura pour finalit\u00e9 la d\u00e9couverte dans la m\u00e9moire du pass\u00e9 des \u00e9l\u00e9ments permettant de mieux comprendre le pr\u00e9sent et d\u2019appr\u00e9hender en connaissance de cause l\u2019avenir.&nbsp;&nbsp;<br>Le Cercle HERALDUS pourra, par ailleurs, soit d\u2019initiative soit sur demande, formuler des recommandations utiles en mati\u00e8re h\u00e9raldique \u00e0 toute personne physique ou morale de caract\u00e8re public ou priv\u00e9 \u00bb.<\/p>\n\n\n\n<p>Le Cercle a, par ailleurs, sugg\u00e9r\u00e9 \u00e0 Monsieur Di Rupo d\u2019organiser pr\u00e9alablement \u00e0 toute proc\u00e9dure officielle une s\u00e9ance d\u2019information des villageois concern\u00e9s pour laquelle il se tenait \u00e0 sa disposition.<\/p>\n\n\n\n<p>Le projet de d\u00e9p\u00f4t de nouvelles armoiries s\u2019inscrit parfaitement dans l\u2019objectif de \u00ab Mons 2015 \u2013 Capitale europ\u00e9enne de la culture \u00bb, si cher au c\u0153ur de notre Bourgmestre.<\/p>\n\n\n\n<p>Ci-dessous le dossier concernant le village de Saint-Symphorien largement inspir\u00e9 par notre site.&nbsp;&nbsp;<\/p>\n\n\n\n<p>Les dossiers relatifs aux autres villages concern\u00e9s de l&rsquo;entit\u00e9 de Mons peuvent \u00eatre consult\u00e9s sur www.villagesdemons.be. Voyez les chapitres \u00ab\u00a0Divers\u00a0\u00bb de ce site.<\/p>\n\n\n\n<p>Le journal \u00ab\u00a0La Province\u00a0\u00bb du mercredi 20 f\u00e9vrier 2008 consacre un article aux blasons des villages oubli\u00e9s (voyez dans le Chapitre \u00ab\u00a0Biblioth\u00e8que\u00a0\u00bb, la rubrique \u00ab\u00a0Presse r\u00e9gionale\u00a0\u00bb).<\/p>\n\n\n\n<p class=\"has-text-align-center has-medium-font-size\"><strong><span class=\"has-inline-color has-vivid-red-color\">DOSSIER<\/span><\/strong><\/p>\n\n\n\n<p>Des objets n\u00e9olithiques et des substructures romaines attestent l&rsquo;occupation ancienne du sol de l\u2019actuel village de Saint-Symphorien, mais l&rsquo;exploration historique ne permet de ne remonter avec certitude qu&rsquo;au douzi\u00e8me si\u00e8cle. A cette \u00e9poque, l&rsquo;autel et quelques terres appartenaient \u00e0 l&rsquo;Ordre de Saint-Jean de J\u00e9rusalem appel\u00e9 plus tard Ordre de Malte. En l&rsquo;an 1177, l&rsquo;\u00e9v\u00eaque de Cambrai lui avait accord\u00e9 les deux \u00e9glises de Spiennes et de Vellereille, ainsi que celle de Saint-Symphorien avec appendances et d\u00e9pendances. L&rsquo;ensemble formait ainsi une seigneurie (commanderie) sur laquelle le Commandeur de l&rsquo;Ordre de Malte avait droit de pleine justice. Il disposait de la chapelle, nomma un bailli, un ma\u00efeur, deux \u00e9chevins et \u00e9rigea un pilori sur la place publique.&nbsp;&nbsp;<br>D\u00e8s 1286, la seigneurie de l&rsquo;H\u00f4pital de Saint-Symphorien \u00e9tait si\u00e8ge de Commanderie de l&rsquo;Ordre de Malte mais le village comportait d&rsquo;autres seigneuries dont les plus puissantes \u00e9taient celles des Dames d&rsquo;Epinlieu, ainsi qu&rsquo;une seigneurie la\u00efque. Cette derni\u00e8re \u00e9tait fief de la seigneurie d&rsquo;Havr\u00e9. Cette seigneurie principale passa au seizi\u00e8me si\u00e8cle \u00e0 la famille de Crohin, dont Philippe de Crohin \u00e9tait \u00e9chevin de Mons. Apr\u00e8s 1656, la seigneurie d&rsquo;Havr\u00e9 passe \u00e0 Jean de Boussie (ou Bousies), ensuite au prince de Rache, aux Bernard, seigneurs d&rsquo;Esquelmes qui la vendirent en 1708 \u00e0 J\u00e9r\u00f4me-Alo\u00efs Robert, \u00e9cuyer et seigneur de Choisy. En septembre 1747, Louis XV, roi de France, octroya \u00e0 la famille Robert le titre de baron de Saint-Symphorien. Cette noblesse locale dura jusqu&rsquo;en 1876, date \u00e0 laquelle Charles-Jules-Henri Robert, baron de Saint-Symphorien quitta le village pour sa terre de Baudour.&nbsp;<\/p>\n\n\n\n<p>Lorsque l\u2019on aborde l\u2019histoire du village, il convient donc de toujours garder \u00e0 l\u2019esprit que le pouvoir y fut exerc\u00e9 au cours des si\u00e8cles et, \u00e0 tout le moins, jusqu\u2019\u00e0 la R\u00e9volution fran\u00e7aise, de fa\u00e7on conjointe, en l&rsquo;esp\u00e8ce tripartite, par les autorit\u00e9s religieuses et les seigneurs la\u00efcs, \u00e0 savoir : l\u2019abbaye d\u2019Epinlieu (anciennement situ\u00e9e entre la Porte du Parc de Mons et le village de Ghlin), l\u2019Ordre de Malte et les diff\u00e9rents seigneurs, nobles ou chefs la\u00efcs pr\u00e9cit\u00e9s.<\/p>\n\n\n\n<p>Lorsque la seigneurie \u00e9tait indivise, comme c&rsquo;\u00e9tait le cas pour Saint-Symphorien o\u00f9 une seigneurie la\u00efque \u00e9tait conjointe \u00e0 un domaine religieux, le sceau communal (\u00e9chevinal) devait porter les armes de chaque seigneurie. Pour Saint-Symphorien, au XVI\u00e8me si\u00e8cle, il portait les armes des Crohin \u00e0 dextre, et de l&rsquo;Abbaye d&rsquo;Epinlieu \u00e0 senestre.&nbsp;<\/p>\n\n\n\n<p>Sub 1, le sceau indivis de Saint-Symphorien au XVI\u00e8me si\u00e8cle d\u00e9velopp\u00e9 sub 2 :&nbsp;<br>\u00ab D&rsquo;azur au chevron d&rsquo;or accompagn\u00e9 de 3 \u00e9pis du m\u00eame \u00bb, armes de la famille Crohin.&nbsp;<br>\u00ab D\u2019or \u00e0 la crosse d\u2019argent en pal, accompagn\u00e9e \u00e0 dextre d&rsquo;une \u00e9glantine en bande et \u00e0 senestre d&rsquo;une \u00e9glantine en barre \u00bb, armes de l\u2019abbaye d\u2019Epinlieu.<\/p>\n\n\n\n<p>Des sceaux \u00e9chevinaux reprenant les armoiries de l\u2019Ordre de Malte et de l\u2019abbaye d\u2019Epinlieu ont \u00e9galement exist\u00e9 \u00e0 la fin du XVI\u00e8me si\u00e8cle. Voyez sub 3.<\/p>\n\n\n\n<p>Il est ainsi propos\u00e9 de tenir \u00e9galement compte de l\u2019autre seigneurie religieuse \u00e0 savoir, l\u2019Ordre de Malte dont l\u2019importance historique est incontestable (sub 4).<\/p>\n\n\n\n<p>Il est \u00e9galement propos\u00e9 de retenir les armes du dernier seigneur de Saint-Symphorien en titre, y ayant r\u00e9sid\u00e9, soit la maison Robert de Saint-Symphorien dont les armoiries sont reproduites tant dans le ch\u00e2teau du village, que dans l\u2019ancien cimeti\u00e8re autour de l\u2019\u00e9glise (sub 5).<\/p>\n\n\n\n<p>Les armes du villages de Saint-Symphorien se pr\u00e9senteraient donc sous forme d\u2019un \u00e9cartel\u00e9 :&nbsp;<br>en 1, Malte ; en 2, Crohin ; en 3, Robert ; en 4, Epinlieu.&nbsp;<\/p>\n\n\n\n<p>Voyez sub 6.<\/p>\n\n\n\n<p>Lecture des armoiries propos\u00e9es :<\/p>\n\n\n\n<p>\u00ab Ecartel\u00e9. Au 1, de gueules \u00e0 la croix patt\u00e9e al\u00e9s\u00e9e d\u2019argent; au 2, d&rsquo;azur au chevron d&rsquo;or accompagn\u00e9 de 3 \u00e9pis du m\u00eame (qui est Crohin) ; au 3, de sable \u00e0 trois bisses (ou couleuvres) en pal d&rsquo;or, langu\u00e9es de gueules, pos\u00e9es 2, 1; au chef cousu d&rsquo;azur, charg\u00e9 de trois colombes d\u2019argent \u00e9ploy\u00e9es et rang\u00e9es en fasce, becqu\u00e9es de gueules; au 4, d\u2019or \u00e0 la crosse d\u2019argent en pal accompagn\u00e9e \u00e0 dextre d&rsquo;une \u00e9glantine en bande, et \u00e0 senestre d&rsquo;une \u00e9glantine en barre \u00bb<\/p>\n\n\n\n<div class=\"wp-block-image\"><figure class=\"aligncenter size-large\"><a href=\"http:\/\/www.confrerie-saint-symphorien.be\/wp-content\/uploads\/2020\/11\/SS1.jpg\"><img loading=\"lazy\" decoding=\"async\" width=\"590\" height=\"605\" src=\"http:\/\/www.confrerie-saint-symphorien.be\/wp-content\/uploads\/2020\/11\/SS1.jpg\" alt=\"\" class=\"wp-image-2730\" srcset=\"http:\/\/www.confrerie-saint-symphorien.be\/wp-content\/uploads\/2020\/11\/SS1.jpg 590w, http:\/\/www.confrerie-saint-symphorien.be\/wp-content\/uploads\/2020\/11\/SS1-293x300.jpg 293w\" sizes=\"auto, (max-width: 590px) 100vw, 590px\" \/><\/a><figcaption>Figure 1.<\/figcaption><\/figure><\/div>\n\n\n\n<div class=\"wp-block-image\"><figure class=\"aligncenter size-large\"><a href=\"http:\/\/www.confrerie-saint-symphorien.be\/wp-content\/uploads\/2020\/11\/SS2.jpg\"><img loading=\"lazy\" decoding=\"async\" width=\"518\" height=\"319\" src=\"http:\/\/www.confrerie-saint-symphorien.be\/wp-content\/uploads\/2020\/11\/SS2.jpg\" alt=\"\" class=\"wp-image-2732\" srcset=\"http:\/\/www.confrerie-saint-symphorien.be\/wp-content\/uploads\/2020\/11\/SS2.jpg 518w, http:\/\/www.confrerie-saint-symphorien.be\/wp-content\/uploads\/2020\/11\/SS2-300x185.jpg 300w\" sizes=\"auto, (max-width: 518px) 100vw, 518px\" \/><\/a><figcaption>Figure 2.<\/figcaption><\/figure><\/div>\n\n\n\n<div class=\"wp-block-image\"><figure class=\"aligncenter size-large\"><a href=\"http:\/\/www.confrerie-saint-symphorien.be\/wp-content\/uploads\/2020\/11\/SS3.jpg\"><img loading=\"lazy\" decoding=\"async\" width=\"575\" height=\"280\" src=\"http:\/\/www.confrerie-saint-symphorien.be\/wp-content\/uploads\/2020\/11\/SS3.jpg\" alt=\"\" class=\"wp-image-2733\" srcset=\"http:\/\/www.confrerie-saint-symphorien.be\/wp-content\/uploads\/2020\/11\/SS3.jpg 575w, http:\/\/www.confrerie-saint-symphorien.be\/wp-content\/uploads\/2020\/11\/SS3-300x146.jpg 300w\" sizes=\"auto, (max-width: 575px) 100vw, 575px\" \/><\/a><figcaption>Figure 3.<\/figcaption><\/figure><\/div>\n\n\n\n<div class=\"wp-block-image\"><figure class=\"aligncenter size-large\"><a href=\"http:\/\/www.confrerie-saint-symphorien.be\/wp-content\/uploads\/2020\/11\/SS4.jpg\"><img loading=\"lazy\" decoding=\"async\" width=\"246\" height=\"286\" src=\"http:\/\/www.confrerie-saint-symphorien.be\/wp-content\/uploads\/2020\/11\/SS4.jpg\" alt=\"\" class=\"wp-image-2734\"\/><\/a><figcaption>Figure 4.<\/figcaption><\/figure><\/div>\n\n\n\n<div class=\"wp-block-image\"><figure class=\"aligncenter size-large\"><a href=\"http:\/\/www.confrerie-saint-symphorien.be\/wp-content\/uploads\/2020\/11\/SS5.jpg\"><img loading=\"lazy\" decoding=\"async\" width=\"311\" height=\"379\" src=\"http:\/\/www.confrerie-saint-symphorien.be\/wp-content\/uploads\/2020\/11\/SS5.jpg\" alt=\"\" class=\"wp-image-2735\" srcset=\"http:\/\/www.confrerie-saint-symphorien.be\/wp-content\/uploads\/2020\/11\/SS5.jpg 311w, http:\/\/www.confrerie-saint-symphorien.be\/wp-content\/uploads\/2020\/11\/SS5-246x300.jpg 246w\" sizes=\"auto, (max-width: 311px) 100vw, 311px\" \/><\/a><figcaption>Figure 5.<\/figcaption><\/figure><\/div>\n\n\n\n<div class=\"wp-block-image\"><figure class=\"aligncenter size-large\"><a href=\"http:\/\/www.confrerie-saint-symphorien.be\/wp-content\/uploads\/2020\/11\/SS6.jpg\"><img loading=\"lazy\" decoding=\"async\" width=\"334\" height=\"423\" src=\"http:\/\/www.confrerie-saint-symphorien.be\/wp-content\/uploads\/2020\/11\/SS6.jpg\" alt=\"\" class=\"wp-image-2736\" srcset=\"http:\/\/www.confrerie-saint-symphorien.be\/wp-content\/uploads\/2020\/11\/SS6.jpg 334w, http:\/\/www.confrerie-saint-symphorien.be\/wp-content\/uploads\/2020\/11\/SS6-237x300.jpg 237w\" sizes=\"auto, (max-width: 334px) 100vw, 334px\" \/><\/a><figcaption>Figure 6 : proposition finale.<\/figcaption><\/figure><\/div>\n\n\n\n<div class=\"wp-block-image\"><figure class=\"aligncenter size-large\"><a href=\"http:\/\/www.confrerie-saint-symphorien.be\/wp-content\/uploads\/2020\/11\/SS7.AB_.Epinlieu.jpg\"><img loading=\"lazy\" decoding=\"async\" width=\"1024\" height=\"727\" src=\"http:\/\/www.confrerie-saint-symphorien.be\/wp-content\/uploads\/2020\/11\/SS7.AB_.Epinlieu-1024x727.jpg\" alt=\"\" class=\"wp-image-2737\" srcset=\"http:\/\/www.confrerie-saint-symphorien.be\/wp-content\/uploads\/2020\/11\/SS7.AB_.Epinlieu-1024x727.jpg 1024w, http:\/\/www.confrerie-saint-symphorien.be\/wp-content\/uploads\/2020\/11\/SS7.AB_.Epinlieu-300x213.jpg 300w, http:\/\/www.confrerie-saint-symphorien.be\/wp-content\/uploads\/2020\/11\/SS7.AB_.Epinlieu-768x545.jpg 768w, http:\/\/www.confrerie-saint-symphorien.be\/wp-content\/uploads\/2020\/11\/SS7.AB_.Epinlieu.jpg 1496w\" sizes=\"auto, (max-width: 706px) 89vw, (max-width: 767px) 82vw, 740px\" \/><\/a><figcaption>Evocation de l&rsquo;abbaye d&rsquo;Epinlieu (album de Cro\u00ff).<\/figcaption><\/figure><\/div>\n\n\n\n<div class=\"wp-block-image\"><figure class=\"aligncenter size-large\"><a href=\"http:\/\/www.confrerie-saint-symphorien.be\/wp-content\/uploads\/2020\/11\/SS7.Aide_memoire_heraldus1.jpg\"><img loading=\"lazy\" decoding=\"async\" width=\"576\" height=\"800\" src=\"http:\/\/www.confrerie-saint-symphorien.be\/wp-content\/uploads\/2020\/11\/SS7.Aide_memoire_heraldus1.jpg\" alt=\"\" class=\"wp-image-2738\" srcset=\"http:\/\/www.confrerie-saint-symphorien.be\/wp-content\/uploads\/2020\/11\/SS7.Aide_memoire_heraldus1.jpg 576w, http:\/\/www.confrerie-saint-symphorien.be\/wp-content\/uploads\/2020\/11\/SS7.Aide_memoire_heraldus1-216x300.jpg 216w\" sizes=\"auto, (max-width: 576px) 100vw, 576px\" \/><\/a><figcaption>Aide m\u00e9moire h\u00e9raldique<\/figcaption><\/figure><\/div>\n\n\n\n<p class=\"has-text-align-right has-small-font-size\">\u00a9Texte de Bernard Detry<\/p>\n","protected":false},"excerpt":{"rendered":"<p>Le Cercle HERALDUS de Mons a fait une proposition d&rsquo;armoiries pour le village de Saint-Symphorien au Bourgmestre M. Elio di Rupo. Le Cercle HERALDUS de Mons a constat\u00e9, avec un certain \u00e9tonnement, que six des dix-huit villages de l\u2019entit\u00e9 de Mons ne poss\u00e9daient pas d\u2019armoiries d\u00fbment enregistr\u00e9es. Tel est le cas pour les villages de &hellip; <\/p>\n<p class=\"link-more\"><a href=\"http:\/\/www.confrerie-saint-symphorien.be\/?p=2729\" class=\"more-link\">Continuer la lecture<span class=\"screen-reader-text\"> de &laquo;&nbsp;Un blason pour le village&nbsp;&raquo;<\/span><\/a><\/p>\n","protected":false},"author":1,"featured_media":0,"comment_status":"open","ping_status":"open","sticky":false,"template":"","format":"standard","meta":{"_exactmetrics_skip_tracking":false,"_exactmetrics_sitenote_active":false,"_exactmetrics_sitenote_note":"","_exactmetrics_sitenote_category":0,"ngg_post_thumbnail":0,"footnotes":""},"categories":[173],"tags":[],"class_list":["post-2729","post","type-post","status-publish","format-standard","hentry","category-patrimoine"],"_links":{"self":[{"href":"http:\/\/www.confrerie-saint-symphorien.be\/index.php?rest_route=\/wp\/v2\/posts\/2729","targetHints":{"allow":["GET"]}}],"collection":[{"href":"http:\/\/www.confrerie-saint-symphorien.be\/index.php?rest_route=\/wp\/v2\/posts"}],"about":[{"href":"http:\/\/www.confrerie-saint-symphorien.be\/index.php?rest_route=\/wp\/v2\/types\/post"}],"author":[{"embeddable":true,"href":"http:\/\/www.confrerie-saint-symphorien.be\/index.php?rest_route=\/wp\/v2\/users\/1"}],"replies":[{"embeddable":true,"href":"http:\/\/www.confrerie-saint-symphorien.be\/index.php?rest_route=%2Fwp%2Fv2%2Fcomments&post=2729"}],"version-history":[{"count":5,"href":"http:\/\/www.confrerie-saint-symphorien.be\/index.php?rest_route=\/wp\/v2\/posts\/2729\/revisions"}],"predecessor-version":[{"id":3385,"href":"http:\/\/www.confrerie-saint-symphorien.be\/index.php?rest_route=\/wp\/v2\/posts\/2729\/revisions\/3385"}],"wp:attachment":[{"href":"http:\/\/www.confrerie-saint-symphorien.be\/index.php?rest_route=%2Fwp%2Fv2%2Fmedia&parent=2729"}],"wp:term":[{"taxonomy":"category","embeddable":true,"href":"http:\/\/www.confrerie-saint-symphorien.be\/index.php?rest_route=%2Fwp%2Fv2%2Fcategories&post=2729"},{"taxonomy":"post_tag","embeddable":true,"href":"http:\/\/www.confrerie-saint-symphorien.be\/index.php?rest_route=%2Fwp%2Fv2%2Ftags&post=2729"}],"curies":[{"name":"wp","href":"https:\/\/api.w.org\/{rel}","templated":true}]}}