{"id":2742,"date":"2022-01-13T19:33:25","date_gmt":"2022-01-13T18:33:25","guid":{"rendered":"http:\/\/www.confrerie-saint-symphorien.be\/?p=2742"},"modified":"2022-01-13T20:14:31","modified_gmt":"2022-01-13T19:14:31","slug":"dun-cimetiere-a-lautre","status":"publish","type":"post","link":"http:\/\/www.confrerie-saint-symphorien.be\/?p=2742","title":{"rendered":"D&rsquo;un cimeti\u00e8re \u00e0 l&rsquo;autre."},"content":{"rendered":"\n<p><strong>La fin des inhumations dans le cimeti\u00e8re autour de l&rsquo;\u00e9glise.<\/strong><\/p>\n\n\n\n<p>La pr\u00e9sente rubrique fait suite \u00e0 celle consacr\u00e9e aux st\u00e8les du cimeti\u00e8re de l&rsquo;\u00e9glise (Chapitre Chroniques anciennes).<\/p>\n\n\n\n<p>Suivant des croyances ancestrales, les gallo-romains d\u00e9j\u00e0 cr\u00e9aient leurs cimeti\u00e8res \u00e0 vue des habitations afin de placer ceux-ci sous la protection des dieux de la maison.<br>Au d\u00e9but de l&rsquo;\u00e8re chr\u00e9tienne, nos anc\u00eatres enterraient leur morts au pied d\u2019\u00e9difices religieux pour qu&rsquo;ils soient prot\u00e9g\u00e9s par Dieu et tous les Saints.<\/p>\n\n\n\n<p>L&rsquo;inhumation dans les \u00e9glises remonte au haut Moyen \u00c2ge.&nbsp;<br>R\u00e9serv\u00e9e, \u00e0 l&rsquo;origine, au haut clerg\u00e9, elle fut ensuite accord\u00e9e aux nobles assumant le financement de l&rsquo;\u00e9difice religieux. Puis des paroissiens, bienfaiteurs de l&rsquo;\u00e9glise, obtinrent la possibilit\u00e9 d&rsquo;y avoir une tombe familiale. La s\u00e9pulture dans l&rsquo;\u00e9glise progressa dans la premi\u00e8re moiti\u00e9 du XVII\u00e8me si\u00e8cle. On s\u2019effor\u00e7ait d\u2019obtenir un endroit o\u00f9 la dalle fun\u00e9raire pourrait \u00eatre mise en \u00e9vidence, o\u00f9 elle serait vue de tous.<br>Pour les moins nantis, l\u2019inhumation au cimeti\u00e8re entourant l&rsquo;\u00e9glise paroissiale \u00e9tait gratuite. L\u00e0 aussi, on recherchait les meilleures places : elles se situaient contre l&rsquo;\u00e9glise et pr\u00e8s de la croix, pr\u00e9sence obligatoire au milieu du champ des morts.&nbsp;<\/p>\n\n\n\n<p>Des voix s\u2019\u00e9lev\u00e8rent contre la pratique des enterrements dans l\u2019\u00e9glise. Deux arguments importants furent avanc\u00e9s :&nbsp;<br>&#8211; le dallage dans l&rsquo;\u00e9glise \u00e9tait sans cesse d\u00e9mont\u00e9 et remis in\u00e9galement<br>&#8211; le manque d\u2019hygi\u00e8ne \u00e9vident d\u2019une telle pratique en raison de la putr\u00e9faction des corps dans un endroit clos, \u00e0 telle enseigne que l\u2019on \u00e9tait parfois oblig\u00e9 de br\u00fbler de la r\u00e9sine et du soufre avant les offices pour dissiper les odeurs.<\/p>\n\n\n\n<p>A la fin du XVIIIe si\u00e8cle, les villes se d\u00e9velopp\u00e8rent davantage. Diff\u00e9rentes \u00e9pid\u00e9mies s\u00e9virent et force fut de constater que les inhumations dans les \u00e9glises et \u00e0 l\u2019int\u00e9rieur des villes ne servaient pas la pr\u00e9vention des maladies.&nbsp;<br>Le d\u00e9cret de l\u2019Empereur Joseph II d\u2019Autriche du 26 juin 1784 interdit d\u2019inhumer dans les \u00e9glises et dans les villes et ordonna la suppression des cimeti\u00e8res dans l\u2019enceinte des agglom\u00e9rations . Toutefois, cette d\u00e9cision fut mal per\u00e7ue et gu\u00e8re appliqu\u00e9e.&nbsp;<\/p>\n\n\n\n<p>Il fallut attendre le 12 juin 1804 pour qu\u2019un d\u00e9cret de Napol\u00e9on fixa des r\u00e8gles plus strictes \u00e0 savoir :<br>&#8211; interdiction d\u2019inhumer dans les \u00e9glises et les cit\u00e9s,<br>&#8211; les cimeti\u00e8res devront \u00eatre distants d\u2019au moins 40 m\u00e8tres \u00e0 l\u2019ext\u00e9rieur des remparts des villes,<br>&#8211; ils devront se situer sur des terrains \u00e9lev\u00e9s, battus des vents, si possible au nord, et \u00eatre clos de murs de 2 m\u00e8tres de haut,<br>&#8211; des plantations y seront introduites en vue d\u2019ass\u00e9cher le terrain,<br>&#8211; les fosses ne pourront \u00eatre reprises qu\u2019apr\u00e8s un d\u00e9lai minimum de 5 ans,<br>&#8211; les cimeti\u00e8res d\u00e9saffect\u00e9s resteront en l\u2019\u00e9tat pendant au moins 5 ans, tout en restant accessibles \u00e0 la population.<\/p>\n\n\n\n<p>D\u2019un texte intitul\u00e9 \u00ab Souvenances \u00bb non dat\u00e9 ni sign\u00e9 (pouvant toutefois \u00eatre de la main d\u2019Arthur Durant), document figurant dans les archives de la famille Marcq, nous extrayons ce qui suit \u00e0 propos des cimeti\u00e8res du village :<br>\u00ab Lors d\u2019une inhumation dans le vieux cimeti\u00e8re, le spectacle \u00e9tait bien macabre et peu \u00e9difiant. Ce cimeti\u00e8re qui existait depuis l\u2019existence du village n\u2019\u00e9tait plus qu\u2019un ossuaire. Le creusement des fosses se faisait dans des tas de d\u00e9bris d\u2019ossements et de d\u00e9bris de cercueils et le peu de terre qui restait servait au fossoyeur pour cacher les cr\u00e2nes, les tibias et f\u00e9murs qu\u2019il extrayait en nombre impressionnant. Peu de caveaux mais des places r\u00e9serv\u00e9es aux familles. Une grande croix en bois clou\u00e9 ext\u00e9rieurement au mur de l\u2019abside du c\u0153ur est disparue, tomb\u00e9e par suite de v\u00e9tust\u00e9. Elle n\u2019a jamais \u00e9t\u00e9 remplac\u00e9e.<br>\u00ab La derni\u00e8re inhumation fut celle de Hydulphine Putsage, d\u00e9c\u00e9d\u00e9e en f\u00e9vrier 1897, peu de temps par cons\u00e9quent avant l\u2019inauguration du nouveau cimeti\u00e8re puisqu\u2019il fut inaugur\u00e9 le 1er mars 1897, apr\u00e8s sa b\u00e9n\u00e9diction faite par Mr le Chanoine Dumongh, doyen de Sainte-Elisabeth \u00e0 Mons.&nbsp;<br>\u00ab Il n\u2019\u00e9tait pas fait usage d\u2019un corbillard, les corps \u00e9tant port\u00e9s sur une civi\u00e8re. Chose curieuse : le nouveau cimeti\u00e8re s\u2019ouvrit pour un enterrement civil, celui de G\u00e9rard Mercier. \u00bb<\/p>\n\n\n\n<div class=\"wp-block-image\"><figure class=\"aligncenter size-large\"><a href=\"http:\/\/www.confrerie-saint-symphorien.be\/wp-content\/uploads\/2020\/11\/Cim1.jpg\"><img loading=\"lazy\" decoding=\"async\" width=\"1000\" height=\"750\" src=\"http:\/\/www.confrerie-saint-symphorien.be\/wp-content\/uploads\/2020\/11\/Cim1.jpg\" alt=\"\" class=\"wp-image-2743\" srcset=\"http:\/\/www.confrerie-saint-symphorien.be\/wp-content\/uploads\/2020\/11\/Cim1.jpg 1000w, http:\/\/www.confrerie-saint-symphorien.be\/wp-content\/uploads\/2020\/11\/Cim1-300x225.jpg 300w, http:\/\/www.confrerie-saint-symphorien.be\/wp-content\/uploads\/2020\/11\/Cim1-768x576.jpg 768w\" sizes=\"auto, (max-width: 706px) 89vw, (max-width: 767px) 82vw, 740px\" \/><\/a><figcaption>Le \u00ab\u00a0nouveau\u00a0\u00bb cimet\u00e8re.<\/figcaption><\/figure><\/div>\n\n\n\n<div class=\"wp-block-image\"><figure class=\"aligncenter size-large\"><a href=\"http:\/\/www.confrerie-saint-symphorien.be\/wp-content\/uploads\/2020\/11\/Cim2.jpg\"><img loading=\"lazy\" decoding=\"async\" width=\"562\" height=\"750\" src=\"http:\/\/www.confrerie-saint-symphorien.be\/wp-content\/uploads\/2020\/11\/Cim2.jpg\" alt=\"\" class=\"wp-image-2744\" srcset=\"http:\/\/www.confrerie-saint-symphorien.be\/wp-content\/uploads\/2020\/11\/Cim2.jpg 562w, http:\/\/www.confrerie-saint-symphorien.be\/wp-content\/uploads\/2020\/11\/Cim2-225x300.jpg 225w\" sizes=\"auto, (max-width: 562px) 100vw, 562px\" \/><\/a><figcaption>La derni\u00e8re demeure des Soeures Noires de Mons, interdites de s\u00e9pulture dans leur ville&#8230;<\/figcaption><\/figure><\/div>\n\n\n\n<div class=\"wp-block-image\"><figure class=\"aligncenter size-large\"><a href=\"http:\/\/www.confrerie-saint-symphorien.be\/wp-content\/uploads\/2020\/11\/Cim3.jpg\"><img loading=\"lazy\" decoding=\"async\" width=\"562\" height=\"749\" src=\"http:\/\/www.confrerie-saint-symphorien.be\/wp-content\/uploads\/2020\/11\/Cim3.jpg\" alt=\"\" class=\"wp-image-2746\" srcset=\"http:\/\/www.confrerie-saint-symphorien.be\/wp-content\/uploads\/2020\/11\/Cim3.jpg 562w, http:\/\/www.confrerie-saint-symphorien.be\/wp-content\/uploads\/2020\/11\/Cim3-225x300.jpg 225w\" sizes=\"auto, (max-width: 562px) 100vw, 562px\" \/><\/a><figcaption>&#8230; jouxtant l&#8217;emplacement r\u00e9serv\u00e9 aux Filles de la Sagesse de Saint-Symphorien.<\/figcaption><\/figure><\/div>\n\n\n\n<p class=\"has-text-align-right has-small-font-size\">\u00a9Texte de Bernard Detry<\/p>\n","protected":false},"excerpt":{"rendered":"<p>La fin des inhumations dans le cimeti\u00e8re autour de l&rsquo;\u00e9glise. La pr\u00e9sente rubrique fait suite \u00e0 celle consacr\u00e9e aux st\u00e8les du cimeti\u00e8re de l&rsquo;\u00e9glise (Chapitre Chroniques anciennes). Suivant des croyances ancestrales, les gallo-romains d\u00e9j\u00e0 cr\u00e9aient leurs cimeti\u00e8res \u00e0 vue des habitations afin de placer ceux-ci sous la protection des dieux de la maison.Au d\u00e9but de &hellip; <\/p>\n<p class=\"link-more\"><a href=\"http:\/\/www.confrerie-saint-symphorien.be\/?p=2742\" class=\"more-link\">Continuer la lecture<span class=\"screen-reader-text\"> de &laquo;&nbsp;D&rsquo;un cimeti\u00e8re \u00e0 l&rsquo;autre.&nbsp;&raquo;<\/span><\/a><\/p>\n","protected":false},"author":1,"featured_media":0,"comment_status":"open","ping_status":"open","sticky":false,"template":"","format":"standard","meta":{"_exactmetrics_skip_tracking":false,"_exactmetrics_sitenote_active":false,"_exactmetrics_sitenote_note":"","_exactmetrics_sitenote_category":0,"ngg_post_thumbnail":0,"footnotes":""},"categories":[173],"tags":[],"class_list":["post-2742","post","type-post","status-publish","format-standard","hentry","category-patrimoine"],"_links":{"self":[{"href":"http:\/\/www.confrerie-saint-symphorien.be\/index.php?rest_route=\/wp\/v2\/posts\/2742","targetHints":{"allow":["GET"]}}],"collection":[{"href":"http:\/\/www.confrerie-saint-symphorien.be\/index.php?rest_route=\/wp\/v2\/posts"}],"about":[{"href":"http:\/\/www.confrerie-saint-symphorien.be\/index.php?rest_route=\/wp\/v2\/types\/post"}],"author":[{"embeddable":true,"href":"http:\/\/www.confrerie-saint-symphorien.be\/index.php?rest_route=\/wp\/v2\/users\/1"}],"replies":[{"embeddable":true,"href":"http:\/\/www.confrerie-saint-symphorien.be\/index.php?rest_route=%2Fwp%2Fv2%2Fcomments&post=2742"}],"version-history":[{"count":4,"href":"http:\/\/www.confrerie-saint-symphorien.be\/index.php?rest_route=\/wp\/v2\/posts\/2742\/revisions"}],"predecessor-version":[{"id":3387,"href":"http:\/\/www.confrerie-saint-symphorien.be\/index.php?rest_route=\/wp\/v2\/posts\/2742\/revisions\/3387"}],"wp:attachment":[{"href":"http:\/\/www.confrerie-saint-symphorien.be\/index.php?rest_route=%2Fwp%2Fv2%2Fmedia&parent=2742"}],"wp:term":[{"taxonomy":"category","embeddable":true,"href":"http:\/\/www.confrerie-saint-symphorien.be\/index.php?rest_route=%2Fwp%2Fv2%2Fcategories&post=2742"},{"taxonomy":"post_tag","embeddable":true,"href":"http:\/\/www.confrerie-saint-symphorien.be\/index.php?rest_route=%2Fwp%2Fv2%2Ftags&post=2742"}],"curies":[{"name":"wp","href":"https:\/\/api.w.org\/{rel}","templated":true}]}}