{"id":2748,"date":"2022-01-13T19:32:52","date_gmt":"2022-01-13T18:32:52","guid":{"rendered":"http:\/\/www.confrerie-saint-symphorien.be\/?p=2748"},"modified":"2022-01-13T20:15:07","modified_gmt":"2022-01-13T19:15:07","slug":"la-carte-de-ferraris","status":"publish","type":"post","link":"http:\/\/www.confrerie-saint-symphorien.be\/?p=2748","title":{"rendered":"La carte de Ferraris."},"content":{"rendered":"\n<p><strong><em>A la fin du 18e si\u00e8cle, l&rsquo;ensemble du territoire de la Belgique actuelle a, pour la premi\u00e8re fois, \u00e9t\u00e9 cartographi\u00e9 de mani\u00e8re homog\u00e8ne sous la houlette du Comte J. de Ferraris.<\/em><\/strong><\/p>\n\n\n\n<p>La carte de Ferraris ou carte de cabinet des Pays-Bas autrichiens et de la Principaut\u00e9 de Li\u00e8ge fut \u00e9tablie entre 1770 et 1778 par le comte Joseph, Jean, Fran\u00e7ois de Ferraris, directeur de l\u2019\u00e9cole de math\u00e9matique du corps d\u2019artillerie des Pays-Bas, sur commande du gouverneur Charles de Lorraine.<\/p>\n\n\n\n<p>Le lev\u00e9 topographique a \u00e9t\u00e9 effectu\u00e9 sur les territoires actuels de la Belgique et du Grand Duch\u00e9 de Luxembourg ainsi que sur une partie des territoires allemands et n\u00e9erlandais.<\/p>\n\n\n\n<p>Enti\u00e8rement r\u00e9alis\u00e9e et dessin\u00e9e \u00e0 la main par des \u00e9l\u00e8ves officiers, la carte de Ferraris avait une vocation exclusivement militaire : elle retra\u00e7ait les \u00e9l\u00e9ments strat\u00e9giques les plus importants comme des rivi\u00e8res, des ponts ou des chemins creux permettant d&rsquo;y cacher des troupes&#8230;<\/p>\n\n\n\n<p>Elle fut publi\u00e9e \u00e0 l&rsquo;\u00e9chelle originale du 1\/11.520 et compte 275 planchettes.<\/p>\n\n\n\n<p>D\u00e9pourvue de syst\u00e8me de r\u00e9f\u00e9rence, la carte renseigne le relief, l&rsquo;occupation du sol, l&rsquo;habitat, le r\u00e9seau routier, le r\u00e9seau hydrographique, l&rsquo;organisation paroissiale ainsi que les limites administratives de l&rsquo;\u00e9poque. De nombreuses enclaves sont d&rsquo;ailleurs visibles. Certaines d&rsquo;entre-elles, appartenant au territoire fran\u00e7ais en 1770, n&rsquo;ont \u00e9t\u00e9 que partiellement cartographi\u00e9es.<\/p>\n\n\n\n<p>L&rsquo;ensemble des planches est consultables sur le site de l&rsquo;Institut G\u00e9ographique National et a fait l&rsquo;objet d&rsquo;une publication en 2009, \u00e0 une \u00e9chelle r\u00e9duite au 1\/20.000\u00e8me, sous forme d&rsquo;un important volume de 51 sur 40 cm et d&rsquo;un poids de 11,5 kg.<\/p>\n\n\n\n<p>L&rsquo;extraordinaire travail du Comte de Ferraris nous permet de pr\u00e9senter des plans in\u00e9dits du village de Saint-Symphorien offrant une excellente r\u00e9solution.<\/p>\n\n\n\n<div class=\"wp-block-image\"><figure class=\"aligncenter size-large\"><a href=\"http:\/\/www.confrerie-saint-symphorien.be\/wp-content\/uploads\/2020\/11\/Centre.jpg\"><img loading=\"lazy\" decoding=\"async\" width=\"1024\" height=\"617\" src=\"http:\/\/www.confrerie-saint-symphorien.be\/wp-content\/uploads\/2020\/11\/Centre-1024x617.jpg\" alt=\"\" class=\"wp-image-2749\" srcset=\"http:\/\/www.confrerie-saint-symphorien.be\/wp-content\/uploads\/2020\/11\/Centre-1024x617.jpg 1024w, http:\/\/www.confrerie-saint-symphorien.be\/wp-content\/uploads\/2020\/11\/Centre-300x181.jpg 300w, http:\/\/www.confrerie-saint-symphorien.be\/wp-content\/uploads\/2020\/11\/Centre-768x462.jpg 768w, http:\/\/www.confrerie-saint-symphorien.be\/wp-content\/uploads\/2020\/11\/Centre.jpg 1287w\" sizes=\"auto, (max-width: 706px) 89vw, (max-width: 767px) 82vw, 740px\" \/><\/a><figcaption>Le centre du village. Remarquons, au milieu de la Place, la perche du tir \u00e0 l&rsquo;arc de la Confr\u00e9rie des archers de Saint-S\u00e9bastien.<\/figcaption><\/figure><\/div>\n\n\n\n<div class=\"wp-block-image\"><figure class=\"aligncenter size-large\"><a href=\"http:\/\/www.confrerie-saint-symphorien.be\/wp-content\/uploads\/2020\/11\/Pierre.jpg\"><img loading=\"lazy\" decoding=\"async\" width=\"1024\" height=\"618\" src=\"http:\/\/www.confrerie-saint-symphorien.be\/wp-content\/uploads\/2020\/11\/Pierre-1024x618.jpg\" alt=\"\" class=\"wp-image-2750\" srcset=\"http:\/\/www.confrerie-saint-symphorien.be\/wp-content\/uploads\/2020\/11\/Pierre-1024x618.jpg 1024w, http:\/\/www.confrerie-saint-symphorien.be\/wp-content\/uploads\/2020\/11\/Pierre-300x181.jpg 300w, http:\/\/www.confrerie-saint-symphorien.be\/wp-content\/uploads\/2020\/11\/Pierre-768x464.jpg 768w, http:\/\/www.confrerie-saint-symphorien.be\/wp-content\/uploads\/2020\/11\/Pierre.jpg 1284w\" sizes=\"auto, (max-width: 706px) 89vw, (max-width: 767px) 82vw, 740px\" \/><\/a><figcaption>La chapelle St-Pierre, le chemin du m\u00eame nom partant de la chauss\u00e9e de Chimay (actuellement Beaumont), le ch\u00e2teau (datant de 1708) et une partie de son parc.<\/figcaption><\/figure><\/div>\n\n\n\n<div class=\"wp-block-image\"><figure class=\"aligncenter size-large\"><a href=\"http:\/\/www.confrerie-saint-symphorien.be\/wp-content\/uploads\/2020\/11\/SS4.jpg\"><img loading=\"lazy\" decoding=\"async\" width=\"246\" height=\"286\" src=\"http:\/\/www.confrerie-saint-symphorien.be\/wp-content\/uploads\/2020\/11\/SS4.jpg\" alt=\"\" class=\"wp-image-2734\"\/><\/a><figcaption>La ferme de l&rsquo;ordre de Malte avec la chapelle Saint-Jean (croix noire), l&rsquo;actuelle rue J. Antheunis et la piedsente d&rsquo;Obourg (en pointill\u00e9s sous le chiffre 85 sur la gauche).<\/figcaption><\/figure><\/div>\n\n\n\n<div class=\"wp-block-image\"><figure class=\"aligncenter size-large\"><a href=\"http:\/\/www.confrerie-saint-symphorien.be\/wp-content\/uploads\/2020\/11\/Sart.jpg\"><img loading=\"lazy\" decoding=\"async\" width=\"1024\" height=\"617\" src=\"http:\/\/www.confrerie-saint-symphorien.be\/wp-content\/uploads\/2020\/11\/Sart-1024x617.jpg\" alt=\"\" class=\"wp-image-2751\" srcset=\"http:\/\/www.confrerie-saint-symphorien.be\/wp-content\/uploads\/2020\/11\/Sart-1024x617.jpg 1024w, http:\/\/www.confrerie-saint-symphorien.be\/wp-content\/uploads\/2020\/11\/Sart-300x181.jpg 300w, http:\/\/www.confrerie-saint-symphorien.be\/wp-content\/uploads\/2020\/11\/Sart-768x463.jpg 768w, http:\/\/www.confrerie-saint-symphorien.be\/wp-content\/uploads\/2020\/11\/Sart.jpg 1286w\" sizes=\"auto, (max-width: 706px) 89vw, (max-width: 767px) 82vw, 740px\" \/><\/a><figcaption>La ferme du Sart (des Sars), le hameau du Cerneau et la piedsente d&rsquo;Obourg (en pointill\u00e9s).<\/figcaption><\/figure><\/div>\n\n\n\n<div class=\"wp-block-image\"><figure class=\"aligncenter size-large\"><a href=\"http:\/\/www.confrerie-saint-symphorien.be\/wp-content\/uploads\/2020\/11\/Havre.jpg\"><img loading=\"lazy\" decoding=\"async\" width=\"1024\" height=\"619\" src=\"http:\/\/www.confrerie-saint-symphorien.be\/wp-content\/uploads\/2020\/11\/Havre-1024x619.jpg\" alt=\"\" class=\"wp-image-2752\" srcset=\"http:\/\/www.confrerie-saint-symphorien.be\/wp-content\/uploads\/2020\/11\/Havre-1024x619.jpg 1024w, http:\/\/www.confrerie-saint-symphorien.be\/wp-content\/uploads\/2020\/11\/Havre-300x181.jpg 300w, http:\/\/www.confrerie-saint-symphorien.be\/wp-content\/uploads\/2020\/11\/Havre-768x464.jpg 768w, http:\/\/www.confrerie-saint-symphorien.be\/wp-content\/uploads\/2020\/11\/Havre.jpg 1286w\" sizes=\"auto, (max-width: 706px) 89vw, (max-width: 767px) 82vw, 740px\" \/><\/a><figcaption>La limite du village de St-Symphorien (chiffre 85 en bas \u00e0 gauche), le hameau St-Antoine, le bois et le village d&rsquo;Havr\u00e9.<\/figcaption><\/figure><\/div>\n\n\n\n<p class=\"has-text-align-right has-small-font-size\">\u00a9Texte de Bernard Detry<\/p>\n","protected":false},"excerpt":{"rendered":"<p>A la fin du 18e si\u00e8cle, l&rsquo;ensemble du territoire de la Belgique actuelle a, pour la premi\u00e8re fois, \u00e9t\u00e9 cartographi\u00e9 de mani\u00e8re homog\u00e8ne sous la houlette du Comte J. de Ferraris. La carte de Ferraris ou carte de cabinet des Pays-Bas autrichiens et de la Principaut\u00e9 de Li\u00e8ge fut \u00e9tablie entre 1770 et 1778 par &hellip; <\/p>\n<p class=\"link-more\"><a href=\"http:\/\/www.confrerie-saint-symphorien.be\/?p=2748\" class=\"more-link\">Continuer la lecture<span class=\"screen-reader-text\"> de &laquo;&nbsp;La carte de Ferraris.&nbsp;&raquo;<\/span><\/a><\/p>\n","protected":false},"author":1,"featured_media":0,"comment_status":"open","ping_status":"open","sticky":false,"template":"","format":"standard","meta":{"_exactmetrics_skip_tracking":false,"_exactmetrics_sitenote_active":false,"_exactmetrics_sitenote_note":"","_exactmetrics_sitenote_category":0,"ngg_post_thumbnail":0,"footnotes":""},"categories":[173],"tags":[],"class_list":["post-2748","post","type-post","status-publish","format-standard","hentry","category-patrimoine"],"_links":{"self":[{"href":"http:\/\/www.confrerie-saint-symphorien.be\/index.php?rest_route=\/wp\/v2\/posts\/2748","targetHints":{"allow":["GET"]}}],"collection":[{"href":"http:\/\/www.confrerie-saint-symphorien.be\/index.php?rest_route=\/wp\/v2\/posts"}],"about":[{"href":"http:\/\/www.confrerie-saint-symphorien.be\/index.php?rest_route=\/wp\/v2\/types\/post"}],"author":[{"embeddable":true,"href":"http:\/\/www.confrerie-saint-symphorien.be\/index.php?rest_route=\/wp\/v2\/users\/1"}],"replies":[{"embeddable":true,"href":"http:\/\/www.confrerie-saint-symphorien.be\/index.php?rest_route=%2Fwp%2Fv2%2Fcomments&post=2748"}],"version-history":[{"count":2,"href":"http:\/\/www.confrerie-saint-symphorien.be\/index.php?rest_route=\/wp\/v2\/posts\/2748\/revisions"}],"predecessor-version":[{"id":3388,"href":"http:\/\/www.confrerie-saint-symphorien.be\/index.php?rest_route=\/wp\/v2\/posts\/2748\/revisions\/3388"}],"wp:attachment":[{"href":"http:\/\/www.confrerie-saint-symphorien.be\/index.php?rest_route=%2Fwp%2Fv2%2Fmedia&parent=2748"}],"wp:term":[{"taxonomy":"category","embeddable":true,"href":"http:\/\/www.confrerie-saint-symphorien.be\/index.php?rest_route=%2Fwp%2Fv2%2Fcategories&post=2748"},{"taxonomy":"post_tag","embeddable":true,"href":"http:\/\/www.confrerie-saint-symphorien.be\/index.php?rest_route=%2Fwp%2Fv2%2Ftags&post=2748"}],"curies":[{"name":"wp","href":"https:\/\/api.w.org\/{rel}","templated":true}]}}