{"id":2768,"date":"2022-01-13T19:31:57","date_gmt":"2022-01-13T18:31:57","guid":{"rendered":"http:\/\/www.confrerie-saint-symphorien.be\/?p=2768"},"modified":"2022-01-13T20:16:15","modified_gmt":"2022-01-13T19:16:15","slug":"le-chemin-de-cantraine","status":"publish","type":"post","link":"http:\/\/www.confrerie-saint-symphorien.be\/?p=2768","title":{"rendered":"Le chemin de Cantraine."},"content":{"rendered":"\n<p><strong><em>A une \u00e9poque bien pr\u00e9cise, le Chemin Saint-Pierre s&rsquo;appelait de Cantraine. Tentative d&rsquo;explication.<\/em><\/strong><\/p>\n\n\n\n<p>Voici ce que nous \u00e9crivions en 2005 \u00e0 la rubrique \u00ab\u00a0Cartes anciennes\u00a0\u00bb :&nbsp;<br>\u00ab\u00a0Nous avons vu que vers 1860 (plan cadastral POPP), le chemin portait le nom de Cantraine. Qui \u00e9tait Cantraine ? Qu&rsquo;est-ce qu&rsquo;\u00e9tait Cantraine ? Nos recherches continuent.\u00a0\u00bb&nbsp;<\/p>\n\n\n\n<p>Gr\u00e2ce \u00e0 notre amie symphorinoise Nathalie De Pelsmaeker-Delcroix qui nous a mis sur la voie, nous pouvons vous proposer une explication. Jugez-en.<\/p>\n\n\n\n<p>Aussi loin que nous pouvons remonter dans le temps gr\u00e2ce aux cartes anciennes, le chemin qui nous occupe porta le nom de \u00ab\u00a0Chemin Saint-Pierre\u00a0\u00bb, tirant cette appellation de l&rsquo;ancienne chapelle \u00e9ponyme qui s&rsquo;y trouvait.<br>Nous avons toutefois constat\u00e9 que vers le milieu du XIX\u00e8me si\u00e8cle, l&rsquo;appellation \u00ab\u00a0de Cantraine\u00a0\u00bb devint usuelle et figura sur le plan cadastral POPP de 1860.<\/p>\n\n\n\n<p>Ledit plan POPP et sa matrice cadastrale nous apprennent que de part et d&rsquo;autre du chemin qui nous int\u00e9resse se trouvaient des oseraies (culture de l&rsquo;osier), preuve s&rsquo;il en \u00e9tait de l&rsquo;humidit\u00e9 des terrains (\u00e0 l&rsquo;\u00e9poque et encore de nos jours).<br>De nombreux batraciens devaient \u00e9lire domicile dans ces zones humides voire mar\u00e9cageuses.<\/p>\n\n\n\n<p>Un \u00e9l\u00e9ment d\u00e9terminant dans ce contexte nous est offert par Jean-Jacques Jespers dans son ouvrage paru aux Editions Racine en 2005 \u00ab\u00a0Dictionnaire des noms de lieux en Wallonie et Bruxelles\u00a0\u00bb. Au verbo \u00ab\u00a0cantraine\u00a0\u00bb, il y est dit en substance ceci : du latin canta rana, soit chante grenouille &#8211; d\u00e9signe des lieux mar\u00e9cageux o\u00f9 coassent les batraciens&#8230;<\/p>\n\n\n\n<p>Que conclure sinon que c&rsquo;est bien la grenouille qui se trouve \u00e0 l&rsquo;origine de l&rsquo;appellation du Chemin \u00ab\u00a0de Cantraine\u00a0\u00bb au milieu du XIX\u00e8me si\u00e8cle.<\/p>\n\n\n\n<p>Il est int\u00e9ressant de souligner que, de nos jours, plusieurs habitants du Chemin Saint-Pierre ont implant\u00e9 de petits \u00e9tangs dans leurs jardins. Pr\u00eatez l&rsquo;oreille en \u00e9t\u00e9 et vous constaterez que les grenouilles sont de retour au Chemin&#8230; de Cantraine.<\/p>\n\n\n\n<div class=\"wp-block-image\"><figure class=\"aligncenter size-large\"><a href=\"http:\/\/www.confrerie-saint-symphorien.be\/wp-content\/uploads\/2020\/11\/Debut_Chemin_de_Cantraine.jpg\"><img loading=\"lazy\" decoding=\"async\" width=\"1000\" height=\"646\" src=\"http:\/\/www.confrerie-saint-symphorien.be\/wp-content\/uploads\/2020\/11\/Debut_Chemin_de_Cantraine.jpg\" alt=\"\" class=\"wp-image-2769\" srcset=\"http:\/\/www.confrerie-saint-symphorien.be\/wp-content\/uploads\/2020\/11\/Debut_Chemin_de_Cantraine.jpg 1000w, http:\/\/www.confrerie-saint-symphorien.be\/wp-content\/uploads\/2020\/11\/Debut_Chemin_de_Cantraine-300x194.jpg 300w, http:\/\/www.confrerie-saint-symphorien.be\/wp-content\/uploads\/2020\/11\/Debut_Chemin_de_Cantraine-768x496.jpg 768w\" sizes=\"auto, (max-width: 706px) 89vw, (max-width: 767px) 82vw, 740px\" \/><\/a><figcaption>Le d\u00e9but du Chemin St-Pierre (de Cantraine) et l&rsquo;entr\u00e9e du ch\u00e2teau &#8211; Aquarelle de J-P. Saudoyer 2006.<\/figcaption><\/figure><\/div>\n\n\n\n<div class=\"wp-block-image\"><figure class=\"aligncenter size-large\"><a href=\"http:\/\/www.confrerie-saint-symphorien.be\/wp-content\/uploads\/2020\/11\/Primitif.53071b1_Pierre-Place.jpg\"><img loading=\"lazy\" decoding=\"async\" width=\"858\" height=\"774\" src=\"http:\/\/www.confrerie-saint-symphorien.be\/wp-content\/uploads\/2020\/11\/Primitif.53071b1_Pierre-Place.jpg\" alt=\"\" class=\"wp-image-2770\" srcset=\"http:\/\/www.confrerie-saint-symphorien.be\/wp-content\/uploads\/2020\/11\/Primitif.53071b1_Pierre-Place.jpg 858w, http:\/\/www.confrerie-saint-symphorien.be\/wp-content\/uploads\/2020\/11\/Primitif.53071b1_Pierre-Place-300x271.jpg 300w, http:\/\/www.confrerie-saint-symphorien.be\/wp-content\/uploads\/2020\/11\/Primitif.53071b1_Pierre-Place-768x693.jpg 768w\" sizes=\"auto, (max-width: 706px) 89vw, (max-width: 767px) 82vw, 740px\" \/><\/a><figcaption>Plan cadastral dit \u00ab\u00a0primitif\u00a0\u00bb vers 1810 : appellation Saint-Pierre.<\/figcaption><\/figure><\/div>\n\n\n\n<div class=\"wp-block-image\"><figure class=\"aligncenter size-large\"><a href=\"http:\/\/www.confrerie-saint-symphorien.be\/wp-content\/uploads\/2020\/11\/POPP_Cantraine.jpg\"><img loading=\"lazy\" decoding=\"async\" width=\"911\" height=\"727\" src=\"http:\/\/www.confrerie-saint-symphorien.be\/wp-content\/uploads\/2020\/11\/POPP_Cantraine.jpg\" alt=\"\" class=\"wp-image-2771\" srcset=\"http:\/\/www.confrerie-saint-symphorien.be\/wp-content\/uploads\/2020\/11\/POPP_Cantraine.jpg 911w, http:\/\/www.confrerie-saint-symphorien.be\/wp-content\/uploads\/2020\/11\/POPP_Cantraine-300x239.jpg 300w, http:\/\/www.confrerie-saint-symphorien.be\/wp-content\/uploads\/2020\/11\/POPP_Cantraine-768x613.jpg 768w\" sizes=\"auto, (max-width: 706px) 89vw, (max-width: 767px) 82vw, 740px\" \/><\/a><figcaption>Plan cadastral POPP vers 1860 : appellation de Cantraine<\/figcaption><\/figure><\/div>\n\n\n\n<div class=\"wp-block-image\"><figure class=\"aligncenter size-large\"><a href=\"http:\/\/www.confrerie-saint-symphorien.be\/wp-content\/uploads\/2020\/11\/Cantraine_nom.jpg\"><img loading=\"lazy\" decoding=\"async\" width=\"400\" height=\"230\" src=\"http:\/\/www.confrerie-saint-symphorien.be\/wp-content\/uploads\/2020\/11\/Cantraine_nom.jpg\" alt=\"\" class=\"wp-image-2773\" srcset=\"http:\/\/www.confrerie-saint-symphorien.be\/wp-content\/uploads\/2020\/11\/Cantraine_nom.jpg 400w, http:\/\/www.confrerie-saint-symphorien.be\/wp-content\/uploads\/2020\/11\/Cantraine_nom-300x173.jpg 300w\" sizes=\"auto, (max-width: 400px) 100vw, 400px\" \/><\/a><figcaption>Extrait du dictionnaire des noms de lieux en Wallonie et Bruxelles.<\/figcaption><\/figure><\/div>\n\n\n\n<div class=\"wp-block-image\"><figure class=\"aligncenter size-large\"><a href=\"http:\/\/www.confrerie-saint-symphorien.be\/wp-content\/uploads\/2020\/11\/hiver_oseraie_3.jpg\"><img loading=\"lazy\" decoding=\"async\" width=\"1024\" height=\"768\" src=\"http:\/\/www.confrerie-saint-symphorien.be\/wp-content\/uploads\/2020\/11\/hiver_oseraie_3-1024x768.jpg\" alt=\"\" class=\"wp-image-2774\" srcset=\"http:\/\/www.confrerie-saint-symphorien.be\/wp-content\/uploads\/2020\/11\/hiver_oseraie_3-1024x768.jpg 1024w, http:\/\/www.confrerie-saint-symphorien.be\/wp-content\/uploads\/2020\/11\/hiver_oseraie_3-300x225.jpg 300w, http:\/\/www.confrerie-saint-symphorien.be\/wp-content\/uploads\/2020\/11\/hiver_oseraie_3-768x576.jpg 768w, http:\/\/www.confrerie-saint-symphorien.be\/wp-content\/uploads\/2020\/11\/hiver_oseraie_3.jpg 1150w\" sizes=\"auto, (max-width: 706px) 89vw, (max-width: 767px) 82vw, 740px\" \/><\/a><figcaption>Oseraie en hiver.<\/figcaption><\/figure><\/div>\n\n\n\n<div class=\"wp-block-image\"><figure class=\"aligncenter size-large\"><a href=\"http:\/\/www.confrerie-saint-symphorien.be\/wp-content\/uploads\/2020\/11\/Grenouille_17.jpg\"><img loading=\"lazy\" decoding=\"async\" width=\"1024\" height=\"774\" src=\"http:\/\/www.confrerie-saint-symphorien.be\/wp-content\/uploads\/2020\/11\/Grenouille_17-1024x774.jpg\" alt=\"\" class=\"wp-image-2776\" srcset=\"http:\/\/www.confrerie-saint-symphorien.be\/wp-content\/uploads\/2020\/11\/Grenouille_17-1024x774.jpg 1024w, http:\/\/www.confrerie-saint-symphorien.be\/wp-content\/uploads\/2020\/11\/Grenouille_17-300x227.jpg 300w, http:\/\/www.confrerie-saint-symphorien.be\/wp-content\/uploads\/2020\/11\/Grenouille_17-768x581.jpg 768w, http:\/\/www.confrerie-saint-symphorien.be\/wp-content\/uploads\/2020\/11\/Grenouille_17.jpg 1176w\" sizes=\"auto, (max-width: 706px) 89vw, (max-width: 767px) 82vw, 740px\" \/><\/a><figcaption>Et\u00e9 2009 : grenouille au bord d&rsquo;un \u00e9tang du Chemin&#8230; de Cantraine.<\/figcaption><\/figure><\/div>\n\n\n\n<p class=\"has-text-align-right has-small-font-size\">\u00a9Texte de Bernard Detry<\/p>\n","protected":false},"excerpt":{"rendered":"<p>A une \u00e9poque bien pr\u00e9cise, le Chemin Saint-Pierre s&rsquo;appelait de Cantraine. Tentative d&rsquo;explication. Voici ce que nous \u00e9crivions en 2005 \u00e0 la rubrique \u00ab\u00a0Cartes anciennes\u00a0\u00bb :&nbsp;\u00ab\u00a0Nous avons vu que vers 1860 (plan cadastral POPP), le chemin portait le nom de Cantraine. Qui \u00e9tait Cantraine ? Qu&rsquo;est-ce qu&rsquo;\u00e9tait Cantraine ? Nos recherches continuent.\u00a0\u00bb&nbsp; Gr\u00e2ce \u00e0 notre &hellip; <\/p>\n<p class=\"link-more\"><a href=\"http:\/\/www.confrerie-saint-symphorien.be\/?p=2768\" class=\"more-link\">Continuer la lecture<span class=\"screen-reader-text\"> de &laquo;&nbsp;Le chemin de Cantraine.&nbsp;&raquo;<\/span><\/a><\/p>\n","protected":false},"author":1,"featured_media":0,"comment_status":"open","ping_status":"open","sticky":false,"template":"","format":"standard","meta":{"_exactmetrics_skip_tracking":false,"_exactmetrics_sitenote_active":false,"_exactmetrics_sitenote_note":"","_exactmetrics_sitenote_category":0,"ngg_post_thumbnail":0,"footnotes":""},"categories":[173],"tags":[],"class_list":["post-2768","post","type-post","status-publish","format-standard","hentry","category-patrimoine"],"_links":{"self":[{"href":"http:\/\/www.confrerie-saint-symphorien.be\/index.php?rest_route=\/wp\/v2\/posts\/2768","targetHints":{"allow":["GET"]}}],"collection":[{"href":"http:\/\/www.confrerie-saint-symphorien.be\/index.php?rest_route=\/wp\/v2\/posts"}],"about":[{"href":"http:\/\/www.confrerie-saint-symphorien.be\/index.php?rest_route=\/wp\/v2\/types\/post"}],"author":[{"embeddable":true,"href":"http:\/\/www.confrerie-saint-symphorien.be\/index.php?rest_route=\/wp\/v2\/users\/1"}],"replies":[{"embeddable":true,"href":"http:\/\/www.confrerie-saint-symphorien.be\/index.php?rest_route=%2Fwp%2Fv2%2Fcomments&post=2768"}],"version-history":[{"count":4,"href":"http:\/\/www.confrerie-saint-symphorien.be\/index.php?rest_route=\/wp\/v2\/posts\/2768\/revisions"}],"predecessor-version":[{"id":3390,"href":"http:\/\/www.confrerie-saint-symphorien.be\/index.php?rest_route=\/wp\/v2\/posts\/2768\/revisions\/3390"}],"wp:attachment":[{"href":"http:\/\/www.confrerie-saint-symphorien.be\/index.php?rest_route=%2Fwp%2Fv2%2Fmedia&parent=2768"}],"wp:term":[{"taxonomy":"category","embeddable":true,"href":"http:\/\/www.confrerie-saint-symphorien.be\/index.php?rest_route=%2Fwp%2Fv2%2Fcategories&post=2768"},{"taxonomy":"post_tag","embeddable":true,"href":"http:\/\/www.confrerie-saint-symphorien.be\/index.php?rest_route=%2Fwp%2Fv2%2Ftags&post=2768"}],"curies":[{"name":"wp","href":"https:\/\/api.w.org\/{rel}","templated":true}]}}