{"id":2778,"date":"2022-01-13T19:31:28","date_gmt":"2022-01-13T18:31:28","guid":{"rendered":"http:\/\/www.confrerie-saint-symphorien.be\/?p=2778"},"modified":"2022-01-13T20:17:20","modified_gmt":"2022-01-13T19:17:20","slug":"le-megalithe-du-village","status":"publish","type":"post","link":"http:\/\/www.confrerie-saint-symphorien.be\/?p=2778","title":{"rendered":"Le m\u00e9galithe du village."},"content":{"rendered":"\n<p><strong><em>Ou le menhir des irr\u00e9ductibles symphorinois.<\/em><\/strong><\/p>\n\n\n\n<p>Vers 1860, le fermier PISCART, labourant un champ du baron de Saint-Symphorien, situ\u00e9 au bout du sentier de la Violette, au sud du village, au sommet de la c\u00f4te avant la descente sur Harmignies, heurta plusieurs fois une pierre enterr\u00e9e et brisa m\u00eame le soc de sa charrue. Sur ordre du Baron, il d\u00e9terra ladite pierre et la transporta dans le parc du ch\u00e2teau o\u00f9 elle resta pendant quelques 90 ann\u00e9es.<\/p>\n\n\n\n<p>La propri\u00e9taire du ch\u00e2teau, Mademoiselle Emmy Maigret de Priches fit don de la pierre \u00e0 la ville de Mons o\u00f9 elle fut transport\u00e9e le 17 octobre 1951, puis \u00e9rig\u00e9e sur la pelouse du Jardin du Mayeur, faisant face \u00e0 l\u2019ancien mus\u00e9e d\u2019histoire et d\u2019arch\u00e9ologie. Le m\u00e9galithe s\u2019y trouve encore aujourd\u2019hui, ignor\u00e9 de tous\u2026<\/p>\n\n\n\n<p>Le sentier de la Violette (d\u00e9formation paysanne de voiette c\u2019est-\u00e0-dire petite voie) est en r\u00e9alit\u00e9 un itin\u00e9raire pr\u00e9historique joignant Saint-Symphorien \u00e0 Dompierre, pr\u00e8s d\u2019Avesnes (France-Nord). Or Saint-Symphorien et Dompierre furent des lieux importants de p\u00e8lerinage. Par ailleurs, la pierre fut trouv\u00e9e en un point culminant, visible, \u00e0 l\u2019\u00e9poque, de la place de Saint-Symphorien et indiquant la direction \u00e0 prendre pour aller \u00e0 Dompierre ! De surcro\u00eet, le tumulus de Givry est pr\u00e8s du m\u00eame itin\u00e9raire (entre Givry et Villers Sire Nicole) et est visible du point o\u00f9 fut trouv\u00e9e la pierre.<br>Pierre et tumulus furent donc deux jalons de cette piste de p\u00e8lerinage et de l\u2019itin\u00e9raire pr\u00e9historique.<\/p>\n\n\n\n<p>Le menhir a 2,50 m\u00e8tres de hauteur. Une de ses faces est relativement plane tandis que l\u2019autre est bossel\u00e9e. Cette derni\u00e8re porte toutefois une plage rigoureusement plane et polie, ce qui fait admettre qu\u2019elle a servi de polissoir n\u00e9olithique, avant d\u2019\u00eatre \u00e9rig\u00e9e en menhir, indicateur d\u2019itin\u00e9raires. La pierre est large de 90 cm \u00e0 sa base et de 130 cm en sa plus grande largeur. Son \u00e9paisseur varie de 30 \u00e0 35 cm et son poids est d\u2019environ 2.500 kg.<\/p>\n\n\n\n<p>Oubli\u00e9, ignor\u00e9 de tous, notre m\u00e9galithe se languit au fin fond du Jardin du Mayeur. Aucune indication n\u2019en rappelle ni l&rsquo;origine ni l\u2019histoire. Anachronisme suppl\u00e9mentaire : le mus\u00e9e a disparu pour c\u00e9der sa place \u00e0 des bureaux en cours d\u2019am\u00e9nagement destin\u00e9s \u00e0 l\u2019administration communale, semble-t-il. Ne serait-il pas mieux parmi les siens, au centre du village, sur notre belle place de Saint-Symphorien o\u00f9 une plaque comm\u00e9morative en rappellerait l\u2019origine ? Nul doute que les enfants des \u00e9coles pourraient y recevoir un cours d\u2019histoire vivante de leur r\u00e9gion !<\/p>\n\n\n\n<p>La pr\u00e9sente rubrique a \u00e9t\u00e9 mise en ligne sur le site le 17 novembre 2005.<\/p>\n\n\n\n<p>Ind\u00e9niablement, une affaire \u00e0 suivre \u2026<\/p>\n\n\n\n<p>Premi\u00e8re r\u00e9action : la Confr\u00e9rie Saint-Symphorien a adress\u00e9 le 26 novembre 2005 une lettre au bourgmestre de Mons demandant le retour de notre menhir (voir ci-dessous).<\/p>\n\n\n\n<p>BONNE NOUVELLE : ce 18 janvier 2006, ladite Confr\u00e9rie nous fait savoir qu&rsquo;elle a \u00e9t\u00e9 inform\u00e9e du fait qu&rsquo;en date du 21 d\u00e9cembre 2005, le Coll\u00e8ge des Bourgmestre et Echevins de la ville de Mons avait marqu\u00e9 son accord de principe sur le retour \u00e0 Saint-Symphorien du m\u00e9galithe \u00ab\u00a0sous forme d&rsquo;un d\u00e9p\u00f4t permanent\u00a0\u00bb (&#8230;); l&rsquo;implantation de la pierre interviendrait sur la Place communale de Saint-Symphorien selon des modalit\u00e9s concr\u00e8tes d\u00e9termin\u00e9es en fonction des remarques des Services communaux et en collaboration \u00e9troite avec eux.\u00a0\u00bb<br>Un beau succ\u00e8s pour la Confr\u00e9rie Saint-Symphorien et un geste tr\u00e8s \u00e9l\u00e9gant de la part des autorit\u00e9s communales. Nul doute que les symphorinois appr\u00e9cieront !<\/p>\n\n\n\n<p>20 mars 2007 : \u00ab\u00a0IL\u00a0\u00bb est de retour sur notre belle place du village.<\/p>\n\n\n\n<p>Une belle histoire&#8230;<\/p>\n\n\n\n<p>Sources de documentation de la pr\u00e9sente rubrique :&nbsp;<\/p>\n\n\n\n<p>1\/ Willy Ch. Et Marcel L. BROU. \u2013 \u00ab Nos pierres et leurs l\u00e9gendes \u2013 R\u00e9pertoire non exhaustif des m\u00e9galithes existants ou disparus et des toponymes m\u00e9galithiques \u00e0 \u00e9tudier en Gaule Belgique \u00bb. D\u00e9p\u00f4t 1979\/Ed. Techniques et Scientifiques. Bruxelles.<br>2\/ \u00ab Au fil de l\u2019Estinnes, les clochers de Leptines \u00bb, Estinnes Pass\u00e9, Pr\u00e9sent, Futur. D\/1991\/ASBL \u00ab Leptines 1250 \u00bb, \u00e9diteur, 7120 Estinnes-au-Val&nbsp;<br>3\/ HOUZEAU DE LEHAIE (Charles) \u2014 \u00ab Les chemins pr\u00e9historiques, leurs relations avec les monuments m\u00e9galithiques et les p\u00e8lerinages \u00bb &#8211; Annales du Cercle Arch\u00e9ologique de Mons Tome 61, 1948-1949.<\/p>\n\n\n\n<div class=\"wp-block-image\"><figure class=\"aligncenter size-large\"><a href=\"http:\/\/www.confrerie-saint-symphorien.be\/wp-content\/uploads\/2020\/11\/1.Img_0886bis.jpg\"><img loading=\"lazy\" decoding=\"async\" width=\"1000\" height=\"667\" src=\"http:\/\/www.confrerie-saint-symphorien.be\/wp-content\/uploads\/2020\/11\/1.Img_0886bis.jpg\" alt=\"\" class=\"wp-image-2779\" srcset=\"http:\/\/www.confrerie-saint-symphorien.be\/wp-content\/uploads\/2020\/11\/1.Img_0886bis.jpg 1000w, http:\/\/www.confrerie-saint-symphorien.be\/wp-content\/uploads\/2020\/11\/1.Img_0886bis-300x200.jpg 300w, http:\/\/www.confrerie-saint-symphorien.be\/wp-content\/uploads\/2020\/11\/1.Img_0886bis-768x512.jpg 768w\" sizes=\"auto, (max-width: 706px) 89vw, (max-width: 767px) 82vw, 740px\" \/><\/a><figcaption>Seul, oubli\u00e9, abandonn\u00e9 au fond du jardin du mayeur&#8230;<\/figcaption><\/figure><\/div>\n\n\n\n<div class=\"wp-block-image\"><figure class=\"aligncenter size-large\"><a href=\"http:\/\/www.confrerie-saint-symphorien.be\/wp-content\/uploads\/2020\/11\/2.Img_0888bis.jpg\"><img loading=\"lazy\" decoding=\"async\" width=\"335\" height=\"690\" src=\"http:\/\/www.confrerie-saint-symphorien.be\/wp-content\/uploads\/2020\/11\/2.Img_0888bis.jpg\" alt=\"\" class=\"wp-image-2780\" srcset=\"http:\/\/www.confrerie-saint-symphorien.be\/wp-content\/uploads\/2020\/11\/2.Img_0888bis.jpg 335w, http:\/\/www.confrerie-saint-symphorien.be\/wp-content\/uploads\/2020\/11\/2.Img_0888bis-146x300.jpg 146w\" sizes=\"auto, (max-width: 335px) 100vw, 335px\" \/><\/a><figcaption>Face avant<\/figcaption><\/figure><\/div>\n\n\n\n<div class=\"wp-block-image\"><figure class=\"aligncenter size-large\"><a href=\"http:\/\/www.confrerie-saint-symphorien.be\/wp-content\/uploads\/2020\/11\/3.Img_0890bis.jpg\"><img loading=\"lazy\" decoding=\"async\" width=\"467\" height=\"690\" src=\"http:\/\/www.confrerie-saint-symphorien.be\/wp-content\/uploads\/2020\/11\/3.Img_0890bis.jpg\" alt=\"\" class=\"wp-image-2781\" srcset=\"http:\/\/www.confrerie-saint-symphorien.be\/wp-content\/uploads\/2020\/11\/3.Img_0890bis.jpg 467w, http:\/\/www.confrerie-saint-symphorien.be\/wp-content\/uploads\/2020\/11\/3.Img_0890bis-203x300.jpg 203w\" sizes=\"auto, (max-width: 467px) 100vw, 467px\" \/><\/a><figcaption>Face arri\u00e8re.<\/figcaption><\/figure><\/div>\n\n\n\n<div class=\"wp-block-image\"><figure class=\"aligncenter size-large\"><a href=\"http:\/\/www.confrerie-saint-symphorien.be\/wp-content\/uploads\/2020\/11\/MegaBourgSite.jpg\"><img loading=\"lazy\" decoding=\"async\" width=\"920\" height=\"650\" src=\"http:\/\/www.confrerie-saint-symphorien.be\/wp-content\/uploads\/2020\/11\/MegaBourgSite.jpg\" alt=\"\" class=\"wp-image-2782\" srcset=\"http:\/\/www.confrerie-saint-symphorien.be\/wp-content\/uploads\/2020\/11\/MegaBourgSite.jpg 920w, http:\/\/www.confrerie-saint-symphorien.be\/wp-content\/uploads\/2020\/11\/MegaBourgSite-300x212.jpg 300w, http:\/\/www.confrerie-saint-symphorien.be\/wp-content\/uploads\/2020\/11\/MegaBourgSite-768x543.jpg 768w\" sizes=\"auto, (max-width: 706px) 89vw, (max-width: 767px) 82vw, 740px\" \/><\/a><figcaption>Lettre de la Confr\u00e9rie St-Symphorien \u00e0 M. Elio Di Rupo.<\/figcaption><\/figure><\/div>\n\n\n\n<div class=\"wp-block-image\"><figure class=\"aligncenter size-large\"><a href=\"http:\/\/www.confrerie-saint-symphorien.be\/wp-content\/uploads\/2020\/11\/Pvo.men1Site.jpg\"><img loading=\"lazy\" decoding=\"async\" width=\"861\" height=\"670\" src=\"http:\/\/www.confrerie-saint-symphorien.be\/wp-content\/uploads\/2020\/11\/Pvo.men1Site.jpg\" alt=\"\" class=\"wp-image-2783\" srcset=\"http:\/\/www.confrerie-saint-symphorien.be\/wp-content\/uploads\/2020\/11\/Pvo.men1Site.jpg 861w, http:\/\/www.confrerie-saint-symphorien.be\/wp-content\/uploads\/2020\/11\/Pvo.men1Site-300x233.jpg 300w, http:\/\/www.confrerie-saint-symphorien.be\/wp-content\/uploads\/2020\/11\/Pvo.men1Site-768x598.jpg 768w\" sizes=\"auto, (max-width: 706px) 89vw, (max-width: 767px) 82vw, 740px\" \/><\/a><figcaption>Le retour de notre m\u00e9galithe fait \u00ab\u00a0la Une\u00a0\u00bb du journal La Province.<\/figcaption><\/figure><\/div>\n\n\n\n<div class=\"wp-block-image\"><figure class=\"aligncenter size-large\"><a href=\"http:\/\/www.confrerie-saint-symphorien.be\/wp-content\/uploads\/2020\/11\/SS_mega_decouverte.jpg\"><img loading=\"lazy\" decoding=\"async\" width=\"950\" height=\"652\" src=\"http:\/\/www.confrerie-saint-symphorien.be\/wp-content\/uploads\/2020\/11\/SS_mega_decouverte.jpg\" alt=\"\" class=\"wp-image-2784\" srcset=\"http:\/\/www.confrerie-saint-symphorien.be\/wp-content\/uploads\/2020\/11\/SS_mega_decouverte.jpg 950w, http:\/\/www.confrerie-saint-symphorien.be\/wp-content\/uploads\/2020\/11\/SS_mega_decouverte-300x206.jpg 300w, http:\/\/www.confrerie-saint-symphorien.be\/wp-content\/uploads\/2020\/11\/SS_mega_decouverte-768x527.jpg 768w\" sizes=\"auto, (max-width: 706px) 89vw, (max-width: 767px) 82vw, 740px\" \/><\/a><figcaption>Endroit pr\u00e9sum\u00e9 de la d\u00e9couverte par le fermier Piscart en 1860 sur les terres du Baron Robert de Saint-Symphorien. L&rsquo;ast\u00e9risque se trouve dans l&rsquo;axe du chemin de la Violette, trac\u00e9 sous le \u00ab\u00a0n\u00a0\u00bb du nom Duquesne (Photo satellite Google Earth).<\/figcaption><\/figure><\/div>\n\n\n\n<div class=\"wp-block-image\"><figure class=\"aligncenter size-large\"><a href=\"http:\/\/www.confrerie-saint-symphorien.be\/wp-content\/uploads\/2020\/11\/Dompierre.jpg\"><img loading=\"lazy\" decoding=\"async\" width=\"565\" height=\"505\" src=\"http:\/\/www.confrerie-saint-symphorien.be\/wp-content\/uploads\/2020\/11\/Dompierre.jpg\" alt=\"\" class=\"wp-image-2785\" srcset=\"http:\/\/www.confrerie-saint-symphorien.be\/wp-content\/uploads\/2020\/11\/Dompierre.jpg 565w, http:\/\/www.confrerie-saint-symphorien.be\/wp-content\/uploads\/2020\/11\/Dompierre-300x268.jpg 300w\" sizes=\"auto, (max-width: 565px) 100vw, 565px\" \/><\/a><figcaption>Itin\u00e9raire pr\u00e9historique pr\u00e9sum\u00e9 des p\u00e8lerinages port\u00e9 sur une carte datant de 1700.<\/figcaption><\/figure><\/div>\n\n\n\n<div class=\"wp-block-image\"><figure class=\"aligncenter size-large\"><a href=\"http:\/\/www.confrerie-saint-symphorien.be\/wp-content\/uploads\/2020\/11\/Place_plan_Megalithe.jpg\"><img loading=\"lazy\" decoding=\"async\" width=\"620\" height=\"604\" src=\"http:\/\/www.confrerie-saint-symphorien.be\/wp-content\/uploads\/2020\/11\/Place_plan_Megalithe.jpg\" alt=\"\" class=\"wp-image-2786\" srcset=\"http:\/\/www.confrerie-saint-symphorien.be\/wp-content\/uploads\/2020\/11\/Place_plan_Megalithe.jpg 620w, http:\/\/www.confrerie-saint-symphorien.be\/wp-content\/uploads\/2020\/11\/Place_plan_Megalithe-300x292.jpg 300w\" sizes=\"auto, (max-width: 620px) 100vw, 620px\" \/><\/a><figcaption>Emplacement retenu en concertation avec les services comp\u00e9tents de la ville de Mons. Le m\u00e9galithe devrait y \u00eatre install\u00e9 au printemps 2007.<\/figcaption><\/figure><\/div>\n\n\n\n<div class=\"wp-block-image\"><figure class=\"aligncenter size-large\"><a href=\"http:\/\/www.confrerie-saint-symphorien.be\/wp-content\/uploads\/2020\/11\/Elio_et_le_Menhir.jpg\"><img loading=\"lazy\" decoding=\"async\" width=\"557\" height=\"246\" src=\"http:\/\/www.confrerie-saint-symphorien.be\/wp-content\/uploads\/2020\/11\/Elio_et_le_Menhir.jpg\" alt=\"\" class=\"wp-image-2788\" srcset=\"http:\/\/www.confrerie-saint-symphorien.be\/wp-content\/uploads\/2020\/11\/Elio_et_le_Menhir.jpg 557w, http:\/\/www.confrerie-saint-symphorien.be\/wp-content\/uploads\/2020\/11\/Elio_et_le_Menhir-300x132.jpg 300w\" sizes=\"auto, (max-width: 557px) 100vw, 557px\" \/><\/a><figcaption>19 janvier 2007 : notre bourgmestre en titre se met personnellement \u00e0 la recherche de notre menhir. Esp\u00e9rons&#8230;<\/figcaption><\/figure><\/div>\n\n\n\n<div class=\"wp-block-image\"><figure class=\"aligncenter size-large\"><a href=\"http:\/\/www.confrerie-saint-symphorien.be\/wp-content\/uploads\/2020\/11\/SS_mega_site_Mons.jpg\"><img loading=\"lazy\" decoding=\"async\" width=\"922\" height=\"576\" src=\"http:\/\/www.confrerie-saint-symphorien.be\/wp-content\/uploads\/2020\/11\/SS_mega_site_Mons.jpg\" alt=\"\" class=\"wp-image-2789\" srcset=\"http:\/\/www.confrerie-saint-symphorien.be\/wp-content\/uploads\/2020\/11\/SS_mega_site_Mons.jpg 922w, http:\/\/www.confrerie-saint-symphorien.be\/wp-content\/uploads\/2020\/11\/SS_mega_site_Mons-300x187.jpg 300w, http:\/\/www.confrerie-saint-symphorien.be\/wp-content\/uploads\/2020\/11\/SS_mega_site_Mons-768x480.jpg 768w\" sizes=\"auto, (max-width: 706px) 89vw, (max-width: 767px) 82vw, 740px\" \/><\/a><figcaption>19 mars 2007 : Mons Magazine annonce le retour de notre m\u00e9galithe.<\/figcaption><\/figure><\/div>\n\n\n\n<div class=\"wp-block-image\"><figure class=\"aligncenter size-large\"><a href=\"http:\/\/www.confrerie-saint-symphorien.be\/wp-content\/uploads\/2020\/11\/Menhir2_edited.jpg\"><img loading=\"lazy\" decoding=\"async\" width=\"515\" height=\"670\" src=\"http:\/\/www.confrerie-saint-symphorien.be\/wp-content\/uploads\/2020\/11\/Menhir2_edited.jpg\" alt=\"\" class=\"wp-image-2790\" srcset=\"http:\/\/www.confrerie-saint-symphorien.be\/wp-content\/uploads\/2020\/11\/Menhir2_edited.jpg 515w, http:\/\/www.confrerie-saint-symphorien.be\/wp-content\/uploads\/2020\/11\/Menhir2_edited-231x300.jpg 231w\" sizes=\"auto, (max-width: 515px) 100vw, 515px\" \/><\/a><figcaption>20 mars 2007 : \u00ab\u00a0IL\u00a0\u00bb est de retour.<\/figcaption><\/figure><\/div>\n\n\n\n<p class=\"has-text-align-right has-small-font-size\">\u00a9Texte de Bernard Detry<\/p>\n","protected":false},"excerpt":{"rendered":"<p>Ou le menhir des irr\u00e9ductibles symphorinois. Vers 1860, le fermier PISCART, labourant un champ du baron de Saint-Symphorien, situ\u00e9 au bout du sentier de la Violette, au sud du village, au sommet de la c\u00f4te avant la descente sur Harmignies, heurta plusieurs fois une pierre enterr\u00e9e et brisa m\u00eame le soc de sa charrue. Sur &hellip; <\/p>\n<p class=\"link-more\"><a href=\"http:\/\/www.confrerie-saint-symphorien.be\/?p=2778\" class=\"more-link\">Continuer la lecture<span class=\"screen-reader-text\"> de &laquo;&nbsp;Le m\u00e9galithe du village.&nbsp;&raquo;<\/span><\/a><\/p>\n","protected":false},"author":1,"featured_media":0,"comment_status":"open","ping_status":"open","sticky":false,"template":"","format":"standard","meta":{"_exactmetrics_skip_tracking":false,"_exactmetrics_sitenote_active":false,"_exactmetrics_sitenote_note":"","_exactmetrics_sitenote_category":0,"ngg_post_thumbnail":0,"footnotes":""},"categories":[173],"tags":[],"class_list":["post-2778","post","type-post","status-publish","format-standard","hentry","category-patrimoine"],"_links":{"self":[{"href":"http:\/\/www.confrerie-saint-symphorien.be\/index.php?rest_route=\/wp\/v2\/posts\/2778","targetHints":{"allow":["GET"]}}],"collection":[{"href":"http:\/\/www.confrerie-saint-symphorien.be\/index.php?rest_route=\/wp\/v2\/posts"}],"about":[{"href":"http:\/\/www.confrerie-saint-symphorien.be\/index.php?rest_route=\/wp\/v2\/types\/post"}],"author":[{"embeddable":true,"href":"http:\/\/www.confrerie-saint-symphorien.be\/index.php?rest_route=\/wp\/v2\/users\/1"}],"replies":[{"embeddable":true,"href":"http:\/\/www.confrerie-saint-symphorien.be\/index.php?rest_route=%2Fwp%2Fv2%2Fcomments&post=2778"}],"version-history":[{"count":4,"href":"http:\/\/www.confrerie-saint-symphorien.be\/index.php?rest_route=\/wp\/v2\/posts\/2778\/revisions"}],"predecessor-version":[{"id":3391,"href":"http:\/\/www.confrerie-saint-symphorien.be\/index.php?rest_route=\/wp\/v2\/posts\/2778\/revisions\/3391"}],"wp:attachment":[{"href":"http:\/\/www.confrerie-saint-symphorien.be\/index.php?rest_route=%2Fwp%2Fv2%2Fmedia&parent=2778"}],"wp:term":[{"taxonomy":"category","embeddable":true,"href":"http:\/\/www.confrerie-saint-symphorien.be\/index.php?rest_route=%2Fwp%2Fv2%2Fcategories&post=2778"},{"taxonomy":"post_tag","embeddable":true,"href":"http:\/\/www.confrerie-saint-symphorien.be\/index.php?rest_route=%2Fwp%2Fv2%2Ftags&post=2778"}],"curies":[{"name":"wp","href":"https:\/\/api.w.org\/{rel}","templated":true}]}}