{"id":2826,"date":"2022-01-13T19:29:33","date_gmt":"2022-01-13T18:29:33","guid":{"rendered":"http:\/\/www.confrerie-saint-symphorien.be\/?p=2826"},"modified":"2022-01-13T20:18:44","modified_gmt":"2022-01-13T19:18:44","slug":"la-place-saint-jean","status":"publish","type":"post","link":"http:\/\/www.confrerie-saint-symphorien.be\/?p=2826","title":{"rendered":"La place Saint-Jean."},"content":{"rendered":"\n<p><em><strong>L&rsquo;ordre de Malte exer\u00e7ait sa pleine juridiction sur une partie de l&rsquo;actuelle place du village, portion d\u00e9nomm\u00e9e Place Saint-Jean sur laquelle \u00e9tait \u00e9rig\u00e9 un pilori.<\/strong><\/em><\/p>\n\n\n\n<p>Le droit de Seigneurie sur la Grand&rsquo;Place \u00e9tait partag\u00e9 entre le seigneur de Saint-Symphorien et les Dames d&rsquo;Epinlieu. Cependant, l&rsquo;Ordre de Malte avait pleine juridiction sur une enclave d&rsquo;une superficie de trois verges et demi (soit une quinzaine d&rsquo;ares) d\u00e9limit\u00e9e par trois puis quatre bornes, et au centre de laquelle se trouvait un tilleul portant le carcan de l&rsquo;Ordre de Malte. Cet arbre servit en premier lieu de pilori.&nbsp;<\/p>\n\n\n\n<p>C&rsquo;\u00e9tait \u00ab\u00a0le tilleul Saint-Jean\u00a0\u00bb et la petite place o\u00f9 \u00e9taient prononc\u00e9es et ex\u00e9cut\u00e9es les sentences du Commandeur de l&rsquo;Ordre de Malte \u00e9tait d\u00e9nomm\u00e9e \u00ab\u00a0Place Saint-Jean\u00a0\u00bb.<\/p>\n\n\n\n<p>Le tilleul Saint-Jean ayant d\u00e9p\u00e9ri par suite de v\u00e9tust\u00e9, il fut remplac\u00e9 le 27 ao\u00fbt 1705 par un pilori en pierre auquel \u00e9tait attach\u00e9 un carcan en fer sur lequel \u00e9taient grav\u00e9s les mots suivants : \u00ab\u00a0Carcan de la Seigneurie de Saint-Jean de J\u00e9rusalem\u00a0\u00bb. Le pilori fut \u00e9rig\u00e9 face \u00e0 l&rsquo;\u00e9glise. L&rsquo;ensemble de la place Saint-Jean \u00e9tait d\u00e9limit\u00e9 par des bornes dont on trouve trace aujourd&rsquo;hui encore.<\/p>\n\n\n\n<div class=\"wp-block-image\"><figure class=\"aligncenter size-large\"><a href=\"http:\/\/www.confrerie-saint-symphorien.be\/wp-content\/uploads\/2020\/11\/Pilori.jpg\"><img loading=\"lazy\" decoding=\"async\" width=\"475\" height=\"670\" src=\"http:\/\/www.confrerie-saint-symphorien.be\/wp-content\/uploads\/2020\/11\/Pilori.jpg\" alt=\"\" class=\"wp-image-2827\" srcset=\"http:\/\/www.confrerie-saint-symphorien.be\/wp-content\/uploads\/2020\/11\/Pilori.jpg 475w, http:\/\/www.confrerie-saint-symphorien.be\/wp-content\/uploads\/2020\/11\/Pilori-213x300.jpg 213w\" sizes=\"auto, (max-width: 475px) 100vw, 475px\" \/><\/a><figcaption>Le pilori est un dispositif destin\u00e9 \u00e0 exposer un condamn\u00e9 \u00e0 l&rsquo;infamie. Il pouvait prendre diverses formes : simple poteau de bois ou colonne de pierre. Un carcan y \u00e9tait fix\u00e9, l&rsquo;autre extr\u00eamit\u00e9 \u00e9tant attach\u00e9e au cou du supplici\u00e9.<\/figcaption><\/figure><\/div>\n\n\n\n<div class=\"wp-block-image\"><figure class=\"aligncenter size-large\"><a href=\"http:\/\/www.confrerie-saint-symphorien.be\/wp-content\/uploads\/2020\/11\/Place-Eglise0_edited.jpg\"><img loading=\"lazy\" decoding=\"async\" width=\"716\" height=\"671\" src=\"http:\/\/www.confrerie-saint-symphorien.be\/wp-content\/uploads\/2020\/11\/Place-Eglise0_edited.jpg\" alt=\"\" class=\"wp-image-2828\" srcset=\"http:\/\/www.confrerie-saint-symphorien.be\/wp-content\/uploads\/2020\/11\/Place-Eglise0_edited.jpg 716w, http:\/\/www.confrerie-saint-symphorien.be\/wp-content\/uploads\/2020\/11\/Place-Eglise0_edited-300x281.jpg 300w\" sizes=\"auto, (max-width: 716px) 100vw, 716px\" \/><\/a><figcaption>Reconstitution de l&rsquo;aire de la Place Saint-Jean.<\/figcaption><\/figure><\/div>\n\n\n\n<div class=\"wp-block-image\"><figure class=\"aligncenter size-large\"><a href=\"http:\/\/www.confrerie-saint-symphorien.be\/wp-content\/uploads\/2020\/11\/St-Jean0bis_edited.jpg\"><img loading=\"lazy\" decoding=\"async\" width=\"1000\" height=\"667\" src=\"http:\/\/www.confrerie-saint-symphorien.be\/wp-content\/uploads\/2020\/11\/St-Jean0bis_edited.jpg\" alt=\"\" class=\"wp-image-2829\" srcset=\"http:\/\/www.confrerie-saint-symphorien.be\/wp-content\/uploads\/2020\/11\/St-Jean0bis_edited.jpg 1000w, http:\/\/www.confrerie-saint-symphorien.be\/wp-content\/uploads\/2020\/11\/St-Jean0bis_edited-300x200.jpg 300w, http:\/\/www.confrerie-saint-symphorien.be\/wp-content\/uploads\/2020\/11\/St-Jean0bis_edited-768x512.jpg 768w\" sizes=\"auto, (max-width: 706px) 89vw, (max-width: 767px) 82vw, 740px\" \/><\/a><figcaption>La Place Saint-Jean faisait face \u00e0 l&rsquo;\u00e9glise.<\/figcaption><\/figure><\/div>\n\n\n\n<div class=\"wp-block-image\"><figure class=\"aligncenter size-large\"><a href=\"http:\/\/www.confrerie-saint-symphorien.be\/wp-content\/uploads\/2020\/11\/St-Jean2bis_edited.jpg\"><img loading=\"lazy\" decoding=\"async\" width=\"447\" height=\"670\" src=\"http:\/\/www.confrerie-saint-symphorien.be\/wp-content\/uploads\/2020\/11\/St-Jean2bis_edited.jpg\" alt=\"\" class=\"wp-image-2830\" srcset=\"http:\/\/www.confrerie-saint-symphorien.be\/wp-content\/uploads\/2020\/11\/St-Jean2bis_edited.jpg 447w, http:\/\/www.confrerie-saint-symphorien.be\/wp-content\/uploads\/2020\/11\/St-Jean2bis_edited-200x300.jpg 200w\" sizes=\"auto, (max-width: 447px) 100vw, 447px\" \/><\/a><figcaption>Les bornes encore visibles aujourd&rsquo;hui sur la Place.<\/figcaption><\/figure><\/div>\n\n\n\n<div class=\"wp-block-image\"><figure class=\"aligncenter size-large\"><a href=\"http:\/\/www.confrerie-saint-symphorien.be\/wp-content\/uploads\/2020\/11\/St-Jean1bis_edited.jpg\"><img loading=\"lazy\" decoding=\"async\" width=\"447\" height=\"670\" src=\"http:\/\/www.confrerie-saint-symphorien.be\/wp-content\/uploads\/2020\/11\/St-Jean1bis_edited.jpg\" alt=\"\" class=\"wp-image-2831\" srcset=\"http:\/\/www.confrerie-saint-symphorien.be\/wp-content\/uploads\/2020\/11\/St-Jean1bis_edited.jpg 447w, http:\/\/www.confrerie-saint-symphorien.be\/wp-content\/uploads\/2020\/11\/St-Jean1bis_edited-200x300.jpg 200w\" sizes=\"auto, (max-width: 447px) 100vw, 447px\" \/><\/a><figcaption>Extr\u00eamit\u00e9 Nord (en entrant sur la Place).<\/figcaption><\/figure><\/div>\n\n\n\n<div class=\"wp-block-image\"><figure class=\"aligncenter size-large\"><a href=\"http:\/\/www.confrerie-saint-symphorien.be\/wp-content\/uploads\/2020\/11\/St-Jean3bis_edited.jpg\"><img loading=\"lazy\" decoding=\"async\" width=\"447\" height=\"670\" src=\"http:\/\/www.confrerie-saint-symphorien.be\/wp-content\/uploads\/2020\/11\/St-Jean3bis_edited.jpg\" alt=\"\" class=\"wp-image-2832\" srcset=\"http:\/\/www.confrerie-saint-symphorien.be\/wp-content\/uploads\/2020\/11\/St-Jean3bis_edited.jpg 447w, http:\/\/www.confrerie-saint-symphorien.be\/wp-content\/uploads\/2020\/11\/St-Jean3bis_edited-200x300.jpg 200w\" sizes=\"auto, (max-width: 447px) 100vw, 447px\" \/><\/a><figcaption>Extr\u00eamit\u00e9 Sud (contre l&rsquo;\u00e9glise)<\/figcaption><\/figure><\/div>\n\n\n\n<div class=\"wp-block-image\"><figure class=\"aligncenter size-large\"><a href=\"http:\/\/www.confrerie-saint-symphorien.be\/wp-content\/uploads\/2020\/11\/Cense_Frameries1.jpg\"><img loading=\"lazy\" decoding=\"async\" width=\"691\" height=\"704\" src=\"http:\/\/www.confrerie-saint-symphorien.be\/wp-content\/uploads\/2020\/11\/Cense_Frameries1.jpg\" alt=\"\" class=\"wp-image-2833\" srcset=\"http:\/\/www.confrerie-saint-symphorien.be\/wp-content\/uploads\/2020\/11\/Cense_Frameries1.jpg 691w, http:\/\/www.confrerie-saint-symphorien.be\/wp-content\/uploads\/2020\/11\/Cense_Frameries1-294x300.jpg 294w\" sizes=\"auto, (max-width: 691px) 100vw, 691px\" \/><\/a><figcaption>A la ferme FLIEMET ou cense des Templiers de Frameries, dont la construction est contemporaine \u00e0 la cense de l&rsquo;Ordre de Malte de Saint-Symphorien (ferme PECHER &#8211; voir supra rubrique \u00ab\u00a0L&rsquo;ordre de Malte\u00a0\u00bb), se trouve un pilori aux armes de Fleury. Cet ouvrage donne une id\u00e9e du style de pilori \u00e9rig\u00e9 sur notre Place Saint-Jean.<\/figcaption><\/figure><\/div>\n\n\n\n<p class=\"has-text-align-right has-small-font-size\">\u00a9Texte de Bernard Detry<\/p>\n","protected":false},"excerpt":{"rendered":"<p>L&rsquo;ordre de Malte exer\u00e7ait sa pleine juridiction sur une partie de l&rsquo;actuelle place du village, portion d\u00e9nomm\u00e9e Place Saint-Jean sur laquelle \u00e9tait \u00e9rig\u00e9 un pilori. Le droit de Seigneurie sur la Grand&rsquo;Place \u00e9tait partag\u00e9 entre le seigneur de Saint-Symphorien et les Dames d&rsquo;Epinlieu. Cependant, l&rsquo;Ordre de Malte avait pleine juridiction sur une enclave d&rsquo;une superficie &hellip; <\/p>\n<p class=\"link-more\"><a href=\"http:\/\/www.confrerie-saint-symphorien.be\/?p=2826\" class=\"more-link\">Continuer la lecture<span class=\"screen-reader-text\"> de &laquo;&nbsp;La place Saint-Jean.&nbsp;&raquo;<\/span><\/a><\/p>\n","protected":false},"author":1,"featured_media":0,"comment_status":"open","ping_status":"open","sticky":false,"template":"","format":"standard","meta":{"_exactmetrics_skip_tracking":false,"_exactmetrics_sitenote_active":false,"_exactmetrics_sitenote_note":"","_exactmetrics_sitenote_category":0,"ngg_post_thumbnail":0,"footnotes":""},"categories":[173],"tags":[],"class_list":["post-2826","post","type-post","status-publish","format-standard","hentry","category-patrimoine"],"_links":{"self":[{"href":"http:\/\/www.confrerie-saint-symphorien.be\/index.php?rest_route=\/wp\/v2\/posts\/2826","targetHints":{"allow":["GET"]}}],"collection":[{"href":"http:\/\/www.confrerie-saint-symphorien.be\/index.php?rest_route=\/wp\/v2\/posts"}],"about":[{"href":"http:\/\/www.confrerie-saint-symphorien.be\/index.php?rest_route=\/wp\/v2\/types\/post"}],"author":[{"embeddable":true,"href":"http:\/\/www.confrerie-saint-symphorien.be\/index.php?rest_route=\/wp\/v2\/users\/1"}],"replies":[{"embeddable":true,"href":"http:\/\/www.confrerie-saint-symphorien.be\/index.php?rest_route=%2Fwp%2Fv2%2Fcomments&post=2826"}],"version-history":[{"count":2,"href":"http:\/\/www.confrerie-saint-symphorien.be\/index.php?rest_route=\/wp\/v2\/posts\/2826\/revisions"}],"predecessor-version":[{"id":3394,"href":"http:\/\/www.confrerie-saint-symphorien.be\/index.php?rest_route=\/wp\/v2\/posts\/2826\/revisions\/3394"}],"wp:attachment":[{"href":"http:\/\/www.confrerie-saint-symphorien.be\/index.php?rest_route=%2Fwp%2Fv2%2Fmedia&parent=2826"}],"wp:term":[{"taxonomy":"category","embeddable":true,"href":"http:\/\/www.confrerie-saint-symphorien.be\/index.php?rest_route=%2Fwp%2Fv2%2Fcategories&post=2826"},{"taxonomy":"post_tag","embeddable":true,"href":"http:\/\/www.confrerie-saint-symphorien.be\/index.php?rest_route=%2Fwp%2Fv2%2Ftags&post=2826"}],"curies":[{"name":"wp","href":"https:\/\/api.w.org\/{rel}","templated":true}]}}