{"id":2835,"date":"2022-01-13T19:28:49","date_gmt":"2022-01-13T18:28:49","guid":{"rendered":"http:\/\/www.confrerie-saint-symphorien.be\/?p=2835"},"modified":"2022-01-13T20:19:12","modified_gmt":"2022-01-13T19:19:12","slug":"le-grand-tour","status":"publish","type":"post","link":"http:\/\/www.confrerie-saint-symphorien.be\/?p=2835","title":{"rendered":"Le Grand Tour."},"content":{"rendered":"\n<p><em><strong>Evocation artistique de la procession multis\u00e9culaire de notre village.<\/strong><\/em><\/p>\n\n\n\n<p>Nous avons vu au chapitre Vie Associative &#8211; La Confr\u00e9rie, toute l&rsquo;importance que rev\u00eatait pour les symphorinois le Grand Tour, cette procession tr\u00e8s ancienne parcourant pendant 15 kilom\u00e8tres, d\u00e8s six heures du matin, le jeudi suivant la Pentec\u00f4te, les limites de notre village de Saint-Symphorien.<\/p>\n\n\n\n<p>Les participants quittent l\u2019\u00e9glise \u00e0 06.00h et empruntent l\u2019itin\u00e9raire suivant :<\/p>\n\n\n\n<p>&#8211; rue Fran\u00e7ois Marcq, chauss\u00e9e Roi Baudouin pour la chapelle sise \u201cTaille Cuvelier\u201d, vers 06h35 ;<br>&#8211; chemin \u00e0 Baraques, sentier Brulotte, rue P.Dufour &#8211; arr\u00eat \u00e0 la chapelle du Cerneau, vers 07h15 ;<br>&#8211; rue J. Antheunis, avec arr\u00eat \u00e0 la chapelle \u201cN-D de Fatima\u201d, vers 07h30;<br>&#8211; rue des R\u00e9sistants et chemin d\u2019Havr\u00e9, avec arr\u00eat au \u201cCalvaire\u201d, vers 07h50 ;<br>&#8211; rue Blancart avec arr\u00eat \u00e0 la chapelle \u201cN-D des Sept Douleurs\u201d, vers 08.00h ;<br>&#8211; chemin Saint-Drion avec arr\u00eat au cimeti\u00e8re militaire, vers 8h15 ;<br>&#8211; rue A. Duquesne en direction de la barri\u00e8re de Spiennes. Pause de 08h45 \u00e0 09h45 ;<br>&#8211; chauss\u00e9e de Beaumont en direction de Mons, chemin des Vaches, cit\u00e9 du Bois de Mons ;<br>&#8211; rue P. Dunan, avenue G. Maigret avec arr\u00eat \u00e0 la chapelle \u201cN-D de Lourdes\u201d vers 10h30 ;<br>&#8211; rue F. Maigret et la Place vers 11.00 heures.<\/p>\n\n\n\n<p>Nous vous proposons une \u00e9vocation artistique du Grand Tour constitu\u00e9e d&rsquo;aquarelles r\u00e9alis\u00e9es par G\u00e9rard Noirfalise (<a href=\"mailto:noirfaliseg@yahoo.fr\">noirfaliseg@yahoo.fr<\/a>) \u00e0 l&rsquo;occasion de l&rsquo;exposition comm\u00e9morant le 830<sup>\u00e8me<\/sup> anniversaire de l&rsquo;arriv\u00e9e de la ch\u00e2sse dans le village.<\/p>\n\n\n\n<figure class=\"wp-block-image size-large\"><img loading=\"lazy\" decoding=\"async\" width=\"1000\" height=\"367\" src=\"http:\/\/www.confrerie-saint-symphorien.be\/wp-content\/uploads\/2020\/11\/GTannonce.jpg\" alt=\"\" class=\"wp-image-2836\" srcset=\"http:\/\/www.confrerie-saint-symphorien.be\/wp-content\/uploads\/2020\/11\/GTannonce.jpg 1000w, http:\/\/www.confrerie-saint-symphorien.be\/wp-content\/uploads\/2020\/11\/GTannonce-300x110.jpg 300w, http:\/\/www.confrerie-saint-symphorien.be\/wp-content\/uploads\/2020\/11\/GTannonce-768x282.jpg 768w\" sizes=\"auto, (max-width: 706px) 89vw, (max-width: 767px) 82vw, 740px\" \/><\/figure>\n\n\n\n<div class=\"wp-block-image\"><figure class=\"aligncenter size-large\"><a href=\"http:\/\/www.confrerie-saint-symphorien.be\/wp-content\/uploads\/2020\/11\/GT0_aquarelle.jpg\"><img loading=\"lazy\" decoding=\"async\" width=\"1000\" height=\"603\" src=\"http:\/\/www.confrerie-saint-symphorien.be\/wp-content\/uploads\/2020\/11\/GT0_aquarelle.jpg\" alt=\"\" class=\"wp-image-2837\" srcset=\"http:\/\/www.confrerie-saint-symphorien.be\/wp-content\/uploads\/2020\/11\/GT0_aquarelle.jpg 1000w, http:\/\/www.confrerie-saint-symphorien.be\/wp-content\/uploads\/2020\/11\/GT0_aquarelle-300x181.jpg 300w, http:\/\/www.confrerie-saint-symphorien.be\/wp-content\/uploads\/2020\/11\/GT0_aquarelle-768x463.jpg 768w\" sizes=\"auto, (max-width: 706px) 89vw, (max-width: 767px) 82vw, 740px\" \/><\/a><figcaption>Le trac\u00e9 de la procession sugg\u00e9r\u00e9 sur une carte de 1777.<\/figcaption><\/figure><\/div>\n\n\n\n<div class=\"wp-block-image\"><figure class=\"aligncenter size-large\"><a href=\"http:\/\/www.confrerie-saint-symphorien.be\/wp-content\/uploads\/2020\/11\/GT1_aquarelle.jpg\"><img loading=\"lazy\" decoding=\"async\" width=\"881\" height=\"670\" src=\"http:\/\/www.confrerie-saint-symphorien.be\/wp-content\/uploads\/2020\/11\/GT1_aquarelle.jpg\" alt=\"\" class=\"wp-image-2838\" srcset=\"http:\/\/www.confrerie-saint-symphorien.be\/wp-content\/uploads\/2020\/11\/GT1_aquarelle.jpg 881w, http:\/\/www.confrerie-saint-symphorien.be\/wp-content\/uploads\/2020\/11\/GT1_aquarelle-300x228.jpg 300w, http:\/\/www.confrerie-saint-symphorien.be\/wp-content\/uploads\/2020\/11\/GT1_aquarelle-768x584.jpg 768w\" sizes=\"auto, (max-width: 706px) 89vw, (max-width: 767px) 82vw, 740px\" \/><\/a><figcaption>Chauss\u00e9e du Roi Baudouin &#8211; 06.20 heures.<\/figcaption><\/figure><\/div>\n\n\n\n<div class=\"wp-block-image\"><figure class=\"aligncenter size-large\"><a href=\"http:\/\/www.confrerie-saint-symphorien.be\/wp-content\/uploads\/2020\/11\/GT2_aquarelle.jpg\"><img loading=\"lazy\" decoding=\"async\" width=\"1000\" height=\"585\" src=\"http:\/\/www.confrerie-saint-symphorien.be\/wp-content\/uploads\/2020\/11\/GT2_aquarelle.jpg\" alt=\"\" class=\"wp-image-2839\" srcset=\"http:\/\/www.confrerie-saint-symphorien.be\/wp-content\/uploads\/2020\/11\/GT2_aquarelle.jpg 1000w, http:\/\/www.confrerie-saint-symphorien.be\/wp-content\/uploads\/2020\/11\/GT2_aquarelle-300x176.jpg 300w, http:\/\/www.confrerie-saint-symphorien.be\/wp-content\/uploads\/2020\/11\/GT2_aquarelle-768x449.jpg 768w\" sizes=\"auto, (max-width: 706px) 89vw, (max-width: 767px) 82vw, 740px\" \/><\/a><figcaption>Chemin \u00e0 Baraques &#8211; 06.45 heures.<\/figcaption><\/figure><\/div>\n\n\n\n<div class=\"wp-block-image\"><figure class=\"aligncenter size-large\"><a href=\"http:\/\/www.confrerie-saint-symphorien.be\/wp-content\/uploads\/2020\/11\/GT3_aquarelle.jpg\"><img loading=\"lazy\" decoding=\"async\" width=\"965\" height=\"670\" src=\"http:\/\/www.confrerie-saint-symphorien.be\/wp-content\/uploads\/2020\/11\/GT3_aquarelle.jpg\" alt=\"\" class=\"wp-image-2841\" srcset=\"http:\/\/www.confrerie-saint-symphorien.be\/wp-content\/uploads\/2020\/11\/GT3_aquarelle.jpg 965w, http:\/\/www.confrerie-saint-symphorien.be\/wp-content\/uploads\/2020\/11\/GT3_aquarelle-300x208.jpg 300w, http:\/\/www.confrerie-saint-symphorien.be\/wp-content\/uploads\/2020\/11\/GT3_aquarelle-768x533.jpg 768w\" sizes=\"auto, (max-width: 706px) 89vw, (max-width: 767px) 82vw, 740px\" \/><\/a><figcaption>Chemin Br\u00fblotte &#8211; 07.00 heures.<\/figcaption><\/figure><\/div>\n\n\n\n<div class=\"wp-block-image\"><figure class=\"aligncenter size-large\"><a href=\"http:\/\/www.confrerie-saint-symphorien.be\/wp-content\/uploads\/2020\/11\/GT4_aquarelle.jpg\"><img loading=\"lazy\" decoding=\"async\" width=\"1000\" height=\"664\" src=\"http:\/\/www.confrerie-saint-symphorien.be\/wp-content\/uploads\/2020\/11\/GT4_aquarelle.jpg\" alt=\"\" class=\"wp-image-2842\" srcset=\"http:\/\/www.confrerie-saint-symphorien.be\/wp-content\/uploads\/2020\/11\/GT4_aquarelle.jpg 1000w, http:\/\/www.confrerie-saint-symphorien.be\/wp-content\/uploads\/2020\/11\/GT4_aquarelle-300x199.jpg 300w, http:\/\/www.confrerie-saint-symphorien.be\/wp-content\/uploads\/2020\/11\/GT4_aquarelle-768x510.jpg 768w\" sizes=\"auto, (max-width: 706px) 89vw, (max-width: 767px) 82vw, 740px\" \/><\/a><figcaption>Chemin Saint-Drion &#8211; 08.15 heures.<\/figcaption><\/figure><\/div>\n\n\n\n<div class=\"wp-block-image\"><figure class=\"aligncenter size-large\"><a href=\"http:\/\/www.confrerie-saint-symphorien.be\/wp-content\/uploads\/2020\/11\/GT5_aquarelle.jpg\"><img loading=\"lazy\" decoding=\"async\" width=\"856\" height=\"670\" src=\"http:\/\/www.confrerie-saint-symphorien.be\/wp-content\/uploads\/2020\/11\/GT5_aquarelle.jpg\" alt=\"\" class=\"wp-image-2843\" srcset=\"http:\/\/www.confrerie-saint-symphorien.be\/wp-content\/uploads\/2020\/11\/GT5_aquarelle.jpg 856w, http:\/\/www.confrerie-saint-symphorien.be\/wp-content\/uploads\/2020\/11\/GT5_aquarelle-300x235.jpg 300w, http:\/\/www.confrerie-saint-symphorien.be\/wp-content\/uploads\/2020\/11\/GT5_aquarelle-768x601.jpg 768w\" sizes=\"auto, (max-width: 706px) 89vw, (max-width: 767px) 82vw, 740px\" \/><\/a><\/figure><\/div>\n\n\n\n<div class=\"wp-block-image\"><figure class=\"aligncenter size-large\"><img loading=\"lazy\" decoding=\"async\" width=\"952\" height=\"670\" src=\"http:\/\/www.confrerie-saint-symphorien.be\/wp-content\/uploads\/2020\/11\/GT6_aquarelle.jpg\" alt=\"\" class=\"wp-image-2844\" srcset=\"http:\/\/www.confrerie-saint-symphorien.be\/wp-content\/uploads\/2020\/11\/GT6_aquarelle.jpg 952w, http:\/\/www.confrerie-saint-symphorien.be\/wp-content\/uploads\/2020\/11\/GT6_aquarelle-300x211.jpg 300w, http:\/\/www.confrerie-saint-symphorien.be\/wp-content\/uploads\/2020\/11\/GT6_aquarelle-768x541.jpg 768w\" sizes=\"auto, (max-width: 706px) 89vw, (max-width: 767px) 82vw, 740px\" \/><\/figure><\/div>\n\n\n\n<div class=\"wp-block-image\"><figure class=\"aligncenter size-large\"><img loading=\"lazy\" decoding=\"async\" width=\"912\" height=\"670\" src=\"http:\/\/www.confrerie-saint-symphorien.be\/wp-content\/uploads\/2020\/11\/GT7_aquarelle.jpg\" alt=\"\" class=\"wp-image-2845\" srcset=\"http:\/\/www.confrerie-saint-symphorien.be\/wp-content\/uploads\/2020\/11\/GT7_aquarelle.jpg 912w, http:\/\/www.confrerie-saint-symphorien.be\/wp-content\/uploads\/2020\/11\/GT7_aquarelle-300x220.jpg 300w, http:\/\/www.confrerie-saint-symphorien.be\/wp-content\/uploads\/2020\/11\/GT7_aquarelle-768x564.jpg 768w\" sizes=\"auto, (max-width: 706px) 89vw, (max-width: 767px) 82vw, 740px\" \/><\/figure><\/div>\n\n\n\n<div class=\"wp-block-image\"><figure class=\"aligncenter size-large\"><a href=\"http:\/\/www.confrerie-saint-symphorien.be\/wp-content\/uploads\/2020\/11\/GT8_aquarelle.jpg\"><img loading=\"lazy\" decoding=\"async\" width=\"958\" height=\"670\" src=\"http:\/\/www.confrerie-saint-symphorien.be\/wp-content\/uploads\/2020\/11\/GT8_aquarelle.jpg\" alt=\"\" class=\"wp-image-2846\" srcset=\"http:\/\/www.confrerie-saint-symphorien.be\/wp-content\/uploads\/2020\/11\/GT8_aquarelle.jpg 958w, http:\/\/www.confrerie-saint-symphorien.be\/wp-content\/uploads\/2020\/11\/GT8_aquarelle-300x210.jpg 300w, http:\/\/www.confrerie-saint-symphorien.be\/wp-content\/uploads\/2020\/11\/GT8_aquarelle-768x537.jpg 768w\" sizes=\"auto, (max-width: 706px) 89vw, (max-width: 767px) 82vw, 740px\" \/><\/a><figcaption>Barri\u00e8re de Spiennes &#8211; 10.00 heures.<\/figcaption><\/figure><\/div>\n\n\n\n<div class=\"wp-block-image\"><figure class=\"aligncenter size-large\"><a href=\"http:\/\/www.confrerie-saint-symphorien.be\/wp-content\/uploads\/2020\/11\/GT9_aquarelle.jpg\"><img loading=\"lazy\" decoding=\"async\" width=\"853\" height=\"670\" src=\"http:\/\/www.confrerie-saint-symphorien.be\/wp-content\/uploads\/2020\/11\/GT9_aquarelle.jpg\" alt=\"\" class=\"wp-image-2847\" srcset=\"http:\/\/www.confrerie-saint-symphorien.be\/wp-content\/uploads\/2020\/11\/GT9_aquarelle.jpg 853w, http:\/\/www.confrerie-saint-symphorien.be\/wp-content\/uploads\/2020\/11\/GT9_aquarelle-300x236.jpg 300w, http:\/\/www.confrerie-saint-symphorien.be\/wp-content\/uploads\/2020\/11\/GT9_aquarelle-768x603.jpg 768w\" sizes=\"auto, (max-width: 706px) 89vw, (max-width: 767px) 82vw, 740px\" \/><\/a><figcaption>Retour de la ch\u00e2sse Place du village et \u00e9glise &#8211; 11.15 heures<\/figcaption><\/figure><\/div>\n\n\n\n<div class=\"wp-block-image\"><figure class=\"aligncenter size-large is-resized\"><a href=\"http:\/\/www.confrerie-saint-symphorien.be\/wp-content\/uploads\/2020\/11\/Groupe_SS.GN_.reduc_.jpg\"><img loading=\"lazy\" decoding=\"async\" src=\"http:\/\/www.confrerie-saint-symphorien.be\/wp-content\/uploads\/2020\/11\/Groupe_SS.GN_.reduc_.jpg\" alt=\"\" class=\"wp-image-2848\" width=\"495\" height=\"704\" srcset=\"http:\/\/www.confrerie-saint-symphorien.be\/wp-content\/uploads\/2020\/11\/Groupe_SS.GN_.reduc_.jpg 495w, http:\/\/www.confrerie-saint-symphorien.be\/wp-content\/uploads\/2020\/11\/Groupe_SS.GN_.reduc_-211x300.jpg 211w\" sizes=\"auto, (max-width: 495px) 100vw, 495px\" \/><\/a><figcaption>Trois jours plus tard, dimanche de la Trinit\u00e9 : participation \u00e0 la procession du Car d&rsquo;Or de Mons.<\/figcaption><\/figure><\/div>\n\n\n\n<p class=\"has-text-align-right has-small-font-size\">\u00a9Texte de Bernard Detry<\/p>\n","protected":false},"excerpt":{"rendered":"<p>Evocation artistique de la procession multis\u00e9culaire de notre village. Nous avons vu au chapitre Vie Associative &#8211; La Confr\u00e9rie, toute l&rsquo;importance que rev\u00eatait pour les symphorinois le Grand Tour, cette procession tr\u00e8s ancienne parcourant pendant 15 kilom\u00e8tres, d\u00e8s six heures du matin, le jeudi suivant la Pentec\u00f4te, les limites de notre village de Saint-Symphorien. Les &hellip; <\/p>\n<p class=\"link-more\"><a href=\"http:\/\/www.confrerie-saint-symphorien.be\/?p=2835\" class=\"more-link\">Continuer la lecture<span class=\"screen-reader-text\"> de &laquo;&nbsp;Le Grand Tour.&nbsp;&raquo;<\/span><\/a><\/p>\n","protected":false},"author":1,"featured_media":0,"comment_status":"open","ping_status":"open","sticky":false,"template":"","format":"standard","meta":{"_exactmetrics_skip_tracking":false,"_exactmetrics_sitenote_active":false,"_exactmetrics_sitenote_note":"","_exactmetrics_sitenote_category":0,"ngg_post_thumbnail":0,"footnotes":""},"categories":[173],"tags":[],"class_list":["post-2835","post","type-post","status-publish","format-standard","hentry","category-patrimoine"],"_links":{"self":[{"href":"http:\/\/www.confrerie-saint-symphorien.be\/index.php?rest_route=\/wp\/v2\/posts\/2835","targetHints":{"allow":["GET"]}}],"collection":[{"href":"http:\/\/www.confrerie-saint-symphorien.be\/index.php?rest_route=\/wp\/v2\/posts"}],"about":[{"href":"http:\/\/www.confrerie-saint-symphorien.be\/index.php?rest_route=\/wp\/v2\/types\/post"}],"author":[{"embeddable":true,"href":"http:\/\/www.confrerie-saint-symphorien.be\/index.php?rest_route=\/wp\/v2\/users\/1"}],"replies":[{"embeddable":true,"href":"http:\/\/www.confrerie-saint-symphorien.be\/index.php?rest_route=%2Fwp%2Fv2%2Fcomments&post=2835"}],"version-history":[{"count":3,"href":"http:\/\/www.confrerie-saint-symphorien.be\/index.php?rest_route=\/wp\/v2\/posts\/2835\/revisions"}],"predecessor-version":[{"id":3395,"href":"http:\/\/www.confrerie-saint-symphorien.be\/index.php?rest_route=\/wp\/v2\/posts\/2835\/revisions\/3395"}],"wp:attachment":[{"href":"http:\/\/www.confrerie-saint-symphorien.be\/index.php?rest_route=%2Fwp%2Fv2%2Fmedia&parent=2835"}],"wp:term":[{"taxonomy":"category","embeddable":true,"href":"http:\/\/www.confrerie-saint-symphorien.be\/index.php?rest_route=%2Fwp%2Fv2%2Fcategories&post=2835"},{"taxonomy":"post_tag","embeddable":true,"href":"http:\/\/www.confrerie-saint-symphorien.be\/index.php?rest_route=%2Fwp%2Fv2%2Ftags&post=2835"}],"curies":[{"name":"wp","href":"https:\/\/api.w.org\/{rel}","templated":true}]}}