{"id":2872,"date":"2022-01-13T18:58:42","date_gmt":"2022-01-13T17:58:42","guid":{"rendered":"http:\/\/www.confrerie-saint-symphorien.be\/?p=2872"},"modified":"2022-01-13T20:23:18","modified_gmt":"2022-01-13T19:23:18","slug":"la-bataille-de-1572","status":"publish","type":"post","link":"http:\/\/www.confrerie-saint-symphorien.be\/?p=2872","title":{"rendered":"La bataille de 1572."},"content":{"rendered":"\n<p><strong><em>Le 9 septembre 1572 Saint-Symphorien fut le th\u00e9atre d&rsquo;affrontements entre les arm\u00e9es du Prince d&rsquo;Orange et du duc d&rsquo;Albe.<\/em><\/strong><\/p>\n\n\n\n<p>Sch\u00e9ma chronologique de la rubrique :<br>1 &#8211; 24 mai 1572 : la place forte de Mons est prise \u00ab par ruse \u00bb par Louis de Nasseau (Hollande),<br>2 &#8211; 23 juin 1572 : la ville de Mons d\u00e9tenue par Louis de Nasseau est assi\u00e9g\u00e9e par le duc d\u2019Albe (Espagne) en vue de la lib\u00e9rer,<br>3 &#8211; septembre 1572 : Guillaume d\u2019Orange fait campagne pour d\u00e9livrer son fr\u00e8re Louis assi\u00e9g\u00e9.<\/p>\n\n\n\n<hr class=\"wp-block-separator has-text-color has-background has-vivid-cyan-blue-background-color has-vivid-cyan-blue-color is-style-wide\"\/>\n\n\n\n<p>Durant la campagne de septembre 1572, l\u2019arm\u00e9e du prince Guillaume d\u2019Orange venu au secours de son fr\u00e8re Louis de Nasseau campa sur le territoire du village de Saint-Symphorien.<\/p>\n\n\n\n<p>La gravure repr\u00e9sent\u00e9e ci-dessous se rapporte \u00e0 une man\u0153uvre tent\u00e9e le 8 septembre 1572 en vue de d\u00e9gager les assi\u00e9g\u00e9s. On d\u00e9couvre, \u00e0 la gauche de l\u2019image, venant de Saint-Symphorien, l\u2019arm\u00e9e du Prince d\u2019Orange pr\u00e9c\u00e9d\u00e9e de l\u2019artillerie s\u2019avan\u00e7ant vers les d\u00e9fenses espagnoles.<br>A l\u2019avant plan, la cavalerie du prince affronte les fantassins du duc d\u2019Albe, ces derniers appuy\u00e9s par des arquebuses et des canons plac\u00e9s derri\u00e8re un talus.<br>Au centre, l\u00e9g\u00e8rement sur la droite, on constate que les soldats espagnols reculent tandis que la cavalerie du duc d\u2019Albe vient \u00e0 leur secours. Trois compagnies de lanciers, tenues en r\u00e9serves, encadrent le duc.<\/p>\n\n\n\n<p>Le lendemain, soit le 9 septembre 1572 eut lieu, entre Harmignies et Saint-Symphorien, une nouvelle bataille entre les troupes espagnoles et l\u2019arm\u00e9e du prince d\u2019Orange. Le village d\u2019Harmignies fut mis a sac par l\u2019arm\u00e9e espagnole victorieuse de la confrontation.<\/p>\n\n\n\n<p><em>[Sources : Ronald de Graaf, Oorlog mijn arme schapen, 171 &#8211; Gravure et l\u00e9gende : Images de Mons en Hainaut, La Renaissance du Livre 2006)]<\/em><\/p>\n\n\n\n<div class=\"wp-block-image\"><figure class=\"aligncenter size-large\"><a href=\"http:\/\/www.confrerie-saint-symphorien.be\/wp-content\/uploads\/2020\/11\/1572_edited.jpg\"><img loading=\"lazy\" decoding=\"async\" width=\"395\" height=\"448\" src=\"http:\/\/www.confrerie-saint-symphorien.be\/wp-content\/uploads\/2020\/11\/1572_edited.jpg\" alt=\"\" class=\"wp-image-2873\" srcset=\"http:\/\/www.confrerie-saint-symphorien.be\/wp-content\/uploads\/2020\/11\/1572_edited.jpg 395w, http:\/\/www.confrerie-saint-symphorien.be\/wp-content\/uploads\/2020\/11\/1572_edited-265x300.jpg 265w\" sizes=\"auto, (max-width: 395px) 100vw, 395px\" \/><\/a><figcaption>Le lieu de la bataille mentionn\u00e9 sur une carte de 1777<\/figcaption><\/figure><\/div>\n\n\n\n<div class=\"wp-block-image\"><figure class=\"aligncenter size-large\"><a href=\"http:\/\/www.confrerie-saint-symphorien.be\/wp-content\/uploads\/2020\/11\/photo_1572_edited.jpg\"><img loading=\"lazy\" decoding=\"async\" width=\"465\" height=\"311\" src=\"http:\/\/www.confrerie-saint-symphorien.be\/wp-content\/uploads\/2020\/11\/photo_1572_edited.jpg\" alt=\"\" class=\"wp-image-2875\" srcset=\"http:\/\/www.confrerie-saint-symphorien.be\/wp-content\/uploads\/2020\/11\/photo_1572_edited.jpg 465w, http:\/\/www.confrerie-saint-symphorien.be\/wp-content\/uploads\/2020\/11\/photo_1572_edited-300x201.jpg 300w\" sizes=\"auto, (max-width: 465px) 100vw, 465px\" \/><\/a><figcaption>Le si\u00e8ge de Mons en 1572 &#8211; Gravure de Fran\u00e7ois Hogenberg (fin du XVI\u00e8me si\u00e8cle).<\/figcaption><\/figure><\/div>\n\n\n\n<div class=\"wp-block-image\"><figure class=\"aligncenter size-large\"><a href=\"http:\/\/www.confrerie-saint-symphorien.be\/wp-content\/uploads\/2020\/11\/photo_Duc_d_Albe_edited.jpg\"><img loading=\"lazy\" decoding=\"async\" width=\"465\" height=\"216\" src=\"http:\/\/www.confrerie-saint-symphorien.be\/wp-content\/uploads\/2020\/11\/photo_Duc_d_Albe_edited.jpg\" alt=\"\" class=\"wp-image-2876\" srcset=\"http:\/\/www.confrerie-saint-symphorien.be\/wp-content\/uploads\/2020\/11\/photo_Duc_d_Albe_edited.jpg 465w, http:\/\/www.confrerie-saint-symphorien.be\/wp-content\/uploads\/2020\/11\/photo_Duc_d_Albe_edited-300x139.jpg 300w\" sizes=\"auto, (max-width: 465px) 100vw, 465px\" \/><\/a><figcaption>Les protagonistes : le prince d&rsquo;Orange et le duc d&rsquo;Albe (assemblage de d\u00e9tails).<\/figcaption><\/figure><\/div>\n\n\n\n<p class=\"has-text-align-right has-small-font-size\">\u00a9Texte de Bernard Detry<\/p>\n","protected":false},"excerpt":{"rendered":"<p>Le 9 septembre 1572 Saint-Symphorien fut le th\u00e9atre d&rsquo;affrontements entre les arm\u00e9es du Prince d&rsquo;Orange et du duc d&rsquo;Albe. Sch\u00e9ma chronologique de la rubrique :1 &#8211; 24 mai 1572 : la place forte de Mons est prise \u00ab par ruse \u00bb par Louis de Nasseau (Hollande),2 &#8211; 23 juin 1572 : la ville de Mons &hellip; <\/p>\n<p class=\"link-more\"><a href=\"http:\/\/www.confrerie-saint-symphorien.be\/?p=2872\" class=\"more-link\">Continuer la lecture<span class=\"screen-reader-text\"> de &laquo;&nbsp;La bataille de 1572.&nbsp;&raquo;<\/span><\/a><\/p>\n","protected":false},"author":1,"featured_media":0,"comment_status":"open","ping_status":"open","sticky":false,"template":"","format":"standard","meta":{"_exactmetrics_skip_tracking":false,"_exactmetrics_sitenote_active":false,"_exactmetrics_sitenote_note":"","_exactmetrics_sitenote_category":0,"ngg_post_thumbnail":0,"footnotes":""},"categories":[173],"tags":[],"class_list":["post-2872","post","type-post","status-publish","format-standard","hentry","category-patrimoine"],"_links":{"self":[{"href":"http:\/\/www.confrerie-saint-symphorien.be\/index.php?rest_route=\/wp\/v2\/posts\/2872","targetHints":{"allow":["GET"]}}],"collection":[{"href":"http:\/\/www.confrerie-saint-symphorien.be\/index.php?rest_route=\/wp\/v2\/posts"}],"about":[{"href":"http:\/\/www.confrerie-saint-symphorien.be\/index.php?rest_route=\/wp\/v2\/types\/post"}],"author":[{"embeddable":true,"href":"http:\/\/www.confrerie-saint-symphorien.be\/index.php?rest_route=\/wp\/v2\/users\/1"}],"replies":[{"embeddable":true,"href":"http:\/\/www.confrerie-saint-symphorien.be\/index.php?rest_route=%2Fwp%2Fv2%2Fcomments&post=2872"}],"version-history":[{"count":5,"href":"http:\/\/www.confrerie-saint-symphorien.be\/index.php?rest_route=\/wp\/v2\/posts\/2872\/revisions"}],"predecessor-version":[{"id":3400,"href":"http:\/\/www.confrerie-saint-symphorien.be\/index.php?rest_route=\/wp\/v2\/posts\/2872\/revisions\/3400"}],"wp:attachment":[{"href":"http:\/\/www.confrerie-saint-symphorien.be\/index.php?rest_route=%2Fwp%2Fv2%2Fmedia&parent=2872"}],"wp:term":[{"taxonomy":"category","embeddable":true,"href":"http:\/\/www.confrerie-saint-symphorien.be\/index.php?rest_route=%2Fwp%2Fv2%2Fcategories&post=2872"},{"taxonomy":"post_tag","embeddable":true,"href":"http:\/\/www.confrerie-saint-symphorien.be\/index.php?rest_route=%2Fwp%2Fv2%2Ftags&post=2872"}],"curies":[{"name":"wp","href":"https:\/\/api.w.org\/{rel}","templated":true}]}}