{"id":2878,"date":"2022-01-13T18:58:14","date_gmt":"2022-01-13T17:58:14","guid":{"rendered":"http:\/\/www.confrerie-saint-symphorien.be\/?p=2878"},"modified":"2022-01-13T20:23:45","modified_gmt":"2022-01-13T19:23:45","slug":"lordre-de-malte","status":"publish","type":"post","link":"http:\/\/www.confrerie-saint-symphorien.be\/?p=2878","title":{"rendered":"L&rsquo;ordre de Malte"},"content":{"rendered":"\n<p><em><strong>Aussi loin que l&rsquo;on puisse remonter dans les \u00e9crits, on constate que l&rsquo;Ordre est omnipr\u00e9sent au sein du village aussi bien sous l&rsquo;aspect temporel (protection des personnes et des biens, terres, fermes, moulin&#8230;) que spirituel (culte, \u00e9glise).<\/strong><\/em><\/p>\n\n\n\n<p>Selon les chroniqueurs, des marchands de l&rsquo;ancienne r\u00e9publique d&rsquo;Amalfi ont obtenu du calife d&rsquo;Egypte l&rsquo;autorisation de construire \u00e0 J\u00e9rusalem une \u00e9glise, un couvent et un h\u00f4pital destin\u00e9s \u00e0 soigner les p\u00e8lerins malades &#8211; sans distinction de race ou de religion. Les Hospitaliers de St-Jean de J\u00e9rusalem &#8211; la communaut\u00e9 monastique qui administrait l&rsquo;h\u00f4pital pour les p\u00e8lerins en Terre Sainte &#8211; deviennent un Ordre religieux, ind\u00e9pendant, sous la conduite du bienheureux G\u00e9rard. En effet, par une bulle papale promulgu\u00e9e le 15 f\u00e9vrier 1113, le Pape Pascal II consacra la fondation de l&rsquo;Ordre et le pla\u00e7a sous la protection du Saint-Si\u00e8ge, lui assurant le droit d&rsquo;\u00e9lire ses chefs sans l&rsquo;intervention d&rsquo;aucune autre autorit\u00e9 eccl\u00e9siastique ou la\u00efque. En vertu de cette bulle papale, l&rsquo;h\u00f4pital devint un Ordre religieux exempt de l&rsquo;Eglise.<\/p>\n\n\n\n<p>Le r\u00f4le de l&rsquo;Ordre \u00e9tait de soigner et de d\u00e9fendre les malades et les p\u00e8lerins dans les territoires que les crois\u00e9s avaient conquis aux musulmans. L&rsquo;Ordre devint ainsi \u00e0 la fois religieux et militaire. Tous ses Chevaliers \u00e9taient des religieux li\u00e9s par les trois v\u0153ux de pauvret\u00e9, de chastet\u00e9 et d&rsquo;ob\u00e9issance.<\/p>\n\n\n\n<p>L&rsquo;Ordre adopta la croix blanche \u00e0 huit pointes qui est encore aujourd&rsquo;hui le symbole de St-Jean, et \u00e9larg\u00eet sa mission \u00e0 la d\u00e9fense de la chr\u00e9tient\u00e9.<\/p>\n\n\n\n<p>Dernier t\u00e9moin architectural important attestant la pr\u00e9sence de l&rsquo;Ordre dans le village de Saint-Symphorien, les vestiges de l&rsquo;imposante ferme situ\u00e9e le long de la Chauss\u00e9e Roi Baudouin, dite \u00ab Ferme P\u00eacher \u00bb, dont la construction remonte au tout d\u00e9but du XVIII\u00e8me si\u00e8cle. Elle comportait, outre sa ferme agricole, une chapelle, une forge, un four \u00e0 pain et une brasserie des moines. Ces b\u00e2timents \u00e9taient en leur temps visibles entre les num\u00e9ros 93 et 105 de l\u2019ancienne Chauss\u00e9e de Binche. Il y a une vingtaine d\u2019ann\u00e9es, la grange (dat\u00e9e de l&rsquo;an 1700 sur son pignon) fut pour partie incendi\u00e9e et le propri\u00e9taire en d\u00e9cida la d\u00e9molition\u2026 Hormis quelques d\u00e9pendances magnifiquement pr\u00e9serv\u00e9es par un particulier, les autres b\u00e2timents sont aujourd\u2019hui modernis\u00e9s et abritent les ateliers de boulangerie Dhondt tandis que les \u00e9tablissements Acar occupent partiellement l\u2019ancienne forge et la brasserie.<\/p>\n\n\n\n<p>Il convient de mentionner \u00e9galement que dans l&rsquo;immeuble de la place occup\u00e9 actuellement par le restaurant \u00ab\u00a0Au Coq wallon\u00a0\u00bb, sur la chemin\u00e9e de la premi\u00e8re pi\u00e8ce, figurent des armoiries attestant la pr\u00e9sence de l&rsquo;Ordre dans le village. Ce blason (figure 3) est celui de Jean, Andr\u00e9, Hercule de Rosset, duc de Fleury, marquis de Rocozel.<br>En r\u00e9alit\u00e9 tout s&rsquo;explique lorque l&rsquo;on d\u00e9couvre que cet immeuble servi de cure aux XVII et XVIII\u00e8mes si\u00e8cles et que de 1692 \u00e0 1712, le cur\u00e9 de la paroisse qui l&rsquo;occupait, un certain Nicolas NICODEME, \u00e9tait lui-m\u00eame membre de l&rsquo;Ordre.<br>Signalons aussi que sur la porte d&rsquo;entr\u00e9e figurait l&rsquo;inscription suivante : \u00ab\u00a0Alphonse, Prince de Lorraine, chef d&rsquo;escadre &#8211; Commandeur du Hainaut 1704\u00a0\u00bb. L&rsquo;histoire nous apprend que ce Prince fut tu\u00e9e dans un combat naval devant Gibraltar le 24 ao\u00fbt 1704.<\/p>\n\n\n\n<p>Enfin, cl\u00f4turons cette rubrique en faisant mention de la pr\u00e9sence d&rsquo;un autre symb\u00f4le de l&rsquo;Ordre dans le porche de l&rsquo;\u00e9glise, un agneau mystique ornant la cl\u00e9 de voute datant XVIe si\u00e8cle.<\/p>\n\n\n\n<div class=\"wp-block-image\"><figure class=\"aligncenter size-large\"><a href=\"http:\/\/www.confrerie-saint-symphorien.be\/wp-content\/uploads\/2020\/11\/Clef.jpg\"><img loading=\"lazy\" decoding=\"async\" width=\"450\" height=\"646\" src=\"http:\/\/www.confrerie-saint-symphorien.be\/wp-content\/uploads\/2020\/11\/Clef.jpg\" alt=\"\" class=\"wp-image-2879\" srcset=\"http:\/\/www.confrerie-saint-symphorien.be\/wp-content\/uploads\/2020\/11\/Clef.jpg 450w, http:\/\/www.confrerie-saint-symphorien.be\/wp-content\/uploads\/2020\/11\/Clef-209x300.jpg 209w\" sizes=\"auto, (max-width: 450px) 100vw, 450px\" \/><\/a><figcaption>Vestige de la pr\u00e9sence de l&rsquo;Ordre au sein du village, ce d\u00e9tail de la porte de la sacristie de l&rsquo;\u00e9glise&#8230;<\/figcaption><\/figure><\/div>\n\n\n\n<div class=\"wp-block-image\"><figure class=\"aligncenter size-large\"><a href=\"http:\/\/www.confrerie-saint-symphorien.be\/wp-content\/uploads\/2020\/11\/Img_0363_Coq.jpg\"><img loading=\"lazy\" decoding=\"async\" width=\"810\" height=\"630\" src=\"http:\/\/www.confrerie-saint-symphorien.be\/wp-content\/uploads\/2020\/11\/Img_0363_Coq.jpg\" alt=\"\" class=\"wp-image-2880\" srcset=\"http:\/\/www.confrerie-saint-symphorien.be\/wp-content\/uploads\/2020\/11\/Img_0363_Coq.jpg 810w, http:\/\/www.confrerie-saint-symphorien.be\/wp-content\/uploads\/2020\/11\/Img_0363_Coq-300x233.jpg 300w, http:\/\/www.confrerie-saint-symphorien.be\/wp-content\/uploads\/2020\/11\/Img_0363_Coq-768x597.jpg 768w\" sizes=\"auto, (max-width: 706px) 89vw, (max-width: 767px) 82vw, 740px\" \/><\/a><figcaption>&#8230; et ce blason sur la chemin\u00e9e de la premi\u00e8re pi\u00e8ce du restaurant de la Place dit \u00ab\u00a0Au Coq Wallon\u00a0\u00bb.<\/figcaption><\/figure><\/div>\n\n\n\n<div class=\"wp-block-image\"><figure class=\"aligncenter size-large\"><a href=\"http:\/\/www.confrerie-saint-symphorien.be\/wp-content\/uploads\/2020\/11\/TempD.jpg\"><img loading=\"lazy\" decoding=\"async\" width=\"720\" height=\"345\" src=\"http:\/\/www.confrerie-saint-symphorien.be\/wp-content\/uploads\/2020\/11\/TempD.jpg\" alt=\"\" class=\"wp-image-2881\" srcset=\"http:\/\/www.confrerie-saint-symphorien.be\/wp-content\/uploads\/2020\/11\/TempD.jpg 720w, http:\/\/www.confrerie-saint-symphorien.be\/wp-content\/uploads\/2020\/11\/TempD-300x144.jpg 300w\" sizes=\"auto, (max-width: 720px) 100vw, 720px\" \/><\/a><figcaption>Les b\u00e2timents de la ferme PECHER (Cense ou ferme de l&rsquo;Ordre de Malte) tels que figurant sur les anciens plans cadastraux dress\u00e9s par F. LEROY au d\u00e9but du XIX\u00e8me si\u00e8cle. Comparaison tr\u00e8s int\u00e9ressante avec le plan suivant r\u00e9alis\u00e9 plus d&rsquo;un si\u00e8cle auparavant.<\/figcaption><\/figure><\/div>\n\n\n\n<div class=\"wp-block-image\"><figure class=\"aligncenter size-large\"><a href=\"http:\/\/www.confrerie-saint-symphorien.be\/wp-content\/uploads\/2020\/11\/FermeOrdreMalte.site_.jpg\"><img loading=\"lazy\" decoding=\"async\" width=\"754\" height=\"600\" src=\"http:\/\/www.confrerie-saint-symphorien.be\/wp-content\/uploads\/2020\/11\/FermeOrdreMalte.site_.jpg\" alt=\"\" class=\"wp-image-2883\" srcset=\"http:\/\/www.confrerie-saint-symphorien.be\/wp-content\/uploads\/2020\/11\/FermeOrdreMalte.site_.jpg 754w, http:\/\/www.confrerie-saint-symphorien.be\/wp-content\/uploads\/2020\/11\/FermeOrdreMalte.site_-300x239.jpg 300w\" sizes=\"auto, (max-width: 706px) 89vw, (max-width: 767px) 82vw, 740px\" \/><\/a><figcaption>Plan vraisemblablement r\u00e9alis\u00e9 en vue de la construction de la ferme. Datation probable : fin du XVII\u00e8me si\u00e8cle.<\/figcaption><\/figure><\/div>\n\n\n\n<div class=\"wp-block-image\"><figure class=\"aligncenter size-large\"><a href=\"http:\/\/www.confrerie-saint-symphorien.be\/wp-content\/uploads\/2020\/11\/Pecher.site_.jpg\"><img loading=\"lazy\" decoding=\"async\" width=\"950\" height=\"422\" src=\"http:\/\/www.confrerie-saint-symphorien.be\/wp-content\/uploads\/2020\/11\/Pecher.site_.jpg\" alt=\"\" class=\"wp-image-2884\" srcset=\"http:\/\/www.confrerie-saint-symphorien.be\/wp-content\/uploads\/2020\/11\/Pecher.site_.jpg 950w, http:\/\/www.confrerie-saint-symphorien.be\/wp-content\/uploads\/2020\/11\/Pecher.site_-300x133.jpg 300w, http:\/\/www.confrerie-saint-symphorien.be\/wp-content\/uploads\/2020\/11\/Pecher.site_-768x341.jpg 768w\" sizes=\"auto, (max-width: 706px) 89vw, (max-width: 767px) 82vw, 740px\" \/><\/a><figcaption>Cette photographie de la grange et de l&rsquo;entr\u00e9e de la ferme de l&rsquo;Ordre de Malte date de l&rsquo;\u00e9poque o\u00f9 le tram circulait encore le long de la chauss\u00e9e (probablement les ann\u00e9es 50).<\/figcaption><\/figure><\/div>\n\n\n\n<div class=\"wp-block-image\"><figure class=\"aligncenter size-large\"><a href=\"http:\/\/www.confrerie-saint-symphorien.be\/wp-content\/uploads\/2020\/11\/CenseStSym.1.jpg\"><img loading=\"lazy\" decoding=\"async\" width=\"540\" height=\"670\" src=\"http:\/\/www.confrerie-saint-symphorien.be\/wp-content\/uploads\/2020\/11\/CenseStSym.1.jpg\" alt=\"\" class=\"wp-image-2885\" srcset=\"http:\/\/www.confrerie-saint-symphorien.be\/wp-content\/uploads\/2020\/11\/CenseStSym.1.jpg 540w, http:\/\/www.confrerie-saint-symphorien.be\/wp-content\/uploads\/2020\/11\/CenseStSym.1-242x300.jpg 242w\" sizes=\"auto, (max-width: 540px) 100vw, 540px\" \/><\/a><figcaption>La grange (portant l&rsquo;ann\u00e9e 1700 sur la fa\u00e7ade) vue de l&rsquo;int\u00e9rieur de la cour de la ferme.<\/figcaption><\/figure><\/div>\n\n\n\n<div class=\"wp-block-image\"><figure class=\"aligncenter size-large\"><a href=\"http:\/\/www.confrerie-saint-symphorien.be\/wp-content\/uploads\/2020\/11\/Chaplan.jpeg\"><img loading=\"lazy\" decoding=\"async\" width=\"519\" height=\"479\" src=\"http:\/\/www.confrerie-saint-symphorien.be\/wp-content\/uploads\/2020\/11\/Chaplan.jpeg\" alt=\"\" class=\"wp-image-2886\" srcset=\"http:\/\/www.confrerie-saint-symphorien.be\/wp-content\/uploads\/2020\/11\/Chaplan.jpeg 519w, http:\/\/www.confrerie-saint-symphorien.be\/wp-content\/uploads\/2020\/11\/Chaplan-300x277.jpeg 300w\" sizes=\"auto, (max-width: 519px) 100vw, 519px\" \/><\/a><figcaption>D\u00e9tail du plan de la chapelle d\u00e9di\u00e9 \u00e0 Saint Jean avec positionnement de l&rsquo;autel. La chapelle fut h\u00e9las d\u00e9molie \u00e0 la fin du XVIII\u00e8me &#8211; d\u00e9but du XIX\u00e8me si\u00e8cle &#8230;<\/figcaption><\/figure><\/div>\n\n\n\n<div class=\"wp-block-image\"><figure class=\"aligncenter size-large\"><a href=\"http:\/\/www.confrerie-saint-symphorien.be\/wp-content\/uploads\/2020\/11\/ChapRuines_edited.jpg\"><img loading=\"lazy\" decoding=\"async\" width=\"893\" height=\"670\" src=\"http:\/\/www.confrerie-saint-symphorien.be\/wp-content\/uploads\/2020\/11\/ChapRuines_edited.jpg\" alt=\"\" class=\"wp-image-2887\" srcset=\"http:\/\/www.confrerie-saint-symphorien.be\/wp-content\/uploads\/2020\/11\/ChapRuines_edited.jpg 893w, http:\/\/www.confrerie-saint-symphorien.be\/wp-content\/uploads\/2020\/11\/ChapRuines_edited-300x225.jpg 300w, http:\/\/www.confrerie-saint-symphorien.be\/wp-content\/uploads\/2020\/11\/ChapRuines_edited-768x576.jpg 768w\" sizes=\"auto, (max-width: 706px) 89vw, (max-width: 767px) 82vw, 740px\" \/><\/a><figcaption>Emplacement de l&rsquo;ancienne chapelle St-Jean.&nbsp;<\/figcaption><\/figure><\/div>\n\n\n\n<div class=\"wp-block-image\"><figure class=\"aligncenter size-large\"><a href=\"http:\/\/www.confrerie-saint-symphorien.be\/wp-content\/uploads\/2020\/11\/MurChap_edited.jpg\"><img loading=\"lazy\" decoding=\"async\" width=\"1000\" height=\"384\" src=\"http:\/\/www.confrerie-saint-symphorien.be\/wp-content\/uploads\/2020\/11\/MurChap_edited.jpg\" alt=\"\" class=\"wp-image-2888\" srcset=\"http:\/\/www.confrerie-saint-symphorien.be\/wp-content\/uploads\/2020\/11\/MurChap_edited.jpg 1000w, http:\/\/www.confrerie-saint-symphorien.be\/wp-content\/uploads\/2020\/11\/MurChap_edited-300x115.jpg 300w, http:\/\/www.confrerie-saint-symphorien.be\/wp-content\/uploads\/2020\/11\/MurChap_edited-768x295.jpg 768w\" sizes=\"auto, (max-width: 706px) 89vw, (max-width: 767px) 82vw, 740px\" \/><\/a><figcaption>Le mur actuel rec\u00e8le des pierres de fondations.<\/figcaption><\/figure><\/div>\n\n\n\n<div class=\"wp-block-image\"><figure class=\"aligncenter size-large\"><a href=\"http:\/\/www.confrerie-saint-symphorien.be\/wp-content\/uploads\/2020\/11\/St_Jean.jpg\"><img loading=\"lazy\" decoding=\"async\" width=\"664\" height=\"555\" src=\"http:\/\/www.confrerie-saint-symphorien.be\/wp-content\/uploads\/2020\/11\/St_Jean.jpg\" alt=\"\" class=\"wp-image-2889\" srcset=\"http:\/\/www.confrerie-saint-symphorien.be\/wp-content\/uploads\/2020\/11\/St_Jean.jpg 664w, http:\/\/www.confrerie-saint-symphorien.be\/wp-content\/uploads\/2020\/11\/St_Jean-300x251.jpg 300w\" sizes=\"auto, (max-width: 664px) 100vw, 664px\" \/><\/a><figcaption>La chapelle Saint-Jean repr\u00e9sent\u00e9e sur la carte de Ferraris de 1775 (nous avons ajout\u00e9 l&rsquo;indication).<\/figcaption><\/figure><\/div>\n\n\n\n<div class=\"wp-block-image\"><figure class=\"aligncenter size-large\"><a href=\"http:\/\/www.confrerie-saint-symphorien.be\/wp-content\/uploads\/2020\/11\/Cle_SS.jpg\"><img loading=\"lazy\" decoding=\"async\" width=\"718\" height=\"710\" src=\"http:\/\/www.confrerie-saint-symphorien.be\/wp-content\/uploads\/2020\/11\/Cle_SS.jpg\" alt=\"\" class=\"wp-image-2890\" srcset=\"http:\/\/www.confrerie-saint-symphorien.be\/wp-content\/uploads\/2020\/11\/Cle_SS.jpg 718w, http:\/\/www.confrerie-saint-symphorien.be\/wp-content\/uploads\/2020\/11\/Cle_SS-300x297.jpg 300w, http:\/\/www.confrerie-saint-symphorien.be\/wp-content\/uploads\/2020\/11\/Cle_SS-100x100.jpg 100w\" sizes=\"auto, (max-width: 718px) 100vw, 718px\" \/><\/a><figcaption>Cl\u00e9 de voute du porche de l&rsquo;\u00e9glise (XVIe si\u00e8cle).<\/figcaption><\/figure><\/div>\n\n\n\n<p class=\"has-text-align-right has-small-font-size\">\u00a9Texte de Bernard Detry<\/p>\n","protected":false},"excerpt":{"rendered":"<p>Aussi loin que l&rsquo;on puisse remonter dans les \u00e9crits, on constate que l&rsquo;Ordre est omnipr\u00e9sent au sein du village aussi bien sous l&rsquo;aspect temporel (protection des personnes et des biens, terres, fermes, moulin&#8230;) que spirituel (culte, \u00e9glise). Selon les chroniqueurs, des marchands de l&rsquo;ancienne r\u00e9publique d&rsquo;Amalfi ont obtenu du calife d&rsquo;Egypte l&rsquo;autorisation de construire \u00e0 &hellip; <\/p>\n<p class=\"link-more\"><a href=\"http:\/\/www.confrerie-saint-symphorien.be\/?p=2878\" class=\"more-link\">Continuer la lecture<span class=\"screen-reader-text\"> de &laquo;&nbsp;L&rsquo;ordre de Malte&nbsp;&raquo;<\/span><\/a><\/p>\n","protected":false},"author":1,"featured_media":0,"comment_status":"open","ping_status":"open","sticky":false,"template":"","format":"standard","meta":{"_exactmetrics_skip_tracking":false,"_exactmetrics_sitenote_active":false,"_exactmetrics_sitenote_note":"","_exactmetrics_sitenote_category":0,"ngg_post_thumbnail":0,"footnotes":""},"categories":[173],"tags":[],"class_list":["post-2878","post","type-post","status-publish","format-standard","hentry","category-patrimoine"],"_links":{"self":[{"href":"http:\/\/www.confrerie-saint-symphorien.be\/index.php?rest_route=\/wp\/v2\/posts\/2878","targetHints":{"allow":["GET"]}}],"collection":[{"href":"http:\/\/www.confrerie-saint-symphorien.be\/index.php?rest_route=\/wp\/v2\/posts"}],"about":[{"href":"http:\/\/www.confrerie-saint-symphorien.be\/index.php?rest_route=\/wp\/v2\/types\/post"}],"author":[{"embeddable":true,"href":"http:\/\/www.confrerie-saint-symphorien.be\/index.php?rest_route=\/wp\/v2\/users\/1"}],"replies":[{"embeddable":true,"href":"http:\/\/www.confrerie-saint-symphorien.be\/index.php?rest_route=%2Fwp%2Fv2%2Fcomments&post=2878"}],"version-history":[{"count":4,"href":"http:\/\/www.confrerie-saint-symphorien.be\/index.php?rest_route=\/wp\/v2\/posts\/2878\/revisions"}],"predecessor-version":[{"id":3401,"href":"http:\/\/www.confrerie-saint-symphorien.be\/index.php?rest_route=\/wp\/v2\/posts\/2878\/revisions\/3401"}],"wp:attachment":[{"href":"http:\/\/www.confrerie-saint-symphorien.be\/index.php?rest_route=%2Fwp%2Fv2%2Fmedia&parent=2878"}],"wp:term":[{"taxonomy":"category","embeddable":true,"href":"http:\/\/www.confrerie-saint-symphorien.be\/index.php?rest_route=%2Fwp%2Fv2%2Fcategories&post=2878"},{"taxonomy":"post_tag","embeddable":true,"href":"http:\/\/www.confrerie-saint-symphorien.be\/index.php?rest_route=%2Fwp%2Fv2%2Ftags&post=2878"}],"curies":[{"name":"wp","href":"https:\/\/api.w.org\/{rel}","templated":true}]}}