{"id":2906,"date":"2022-01-13T18:57:04","date_gmt":"2022-01-13T17:57:04","guid":{"rendered":"http:\/\/www.confrerie-saint-symphorien.be\/?p=2906"},"modified":"2022-01-13T20:24:36","modified_gmt":"2022-01-13T19:24:36","slug":"images-dun-passe-simple","status":"publish","type":"post","link":"http:\/\/www.confrerie-saint-symphorien.be\/?p=2906","title":{"rendered":"Images d&rsquo;un pass\u00e9 simple."},"content":{"rendered":"\n<p><em><strong>Des photographies anciennes du village.<\/strong><\/em><\/p>\n\n\n\n<p>Cette rubrique, pr\u00e9sent\u00e9e en trois parties, est r\u00e9alis\u00e9e gr\u00e2ce \u00e0 des photographies et documents anciens mis \u00e0 notre disposition par les symphorinois. Des images retrouv\u00e9es dans de vieux albums, des greniers ou des brocantes qui \u00e9voquent un pass\u00e9 dans lequel il faisait bon vivre.<br>De tr\u00e8s nombreux documents sont \u00e0 connotation religieuse. Il ne s&rsquo;agit pas d&rsquo;un choix d\u00e9lib\u00e9r\u00e9 mais de la simple constatation de l&rsquo;importance du \u00ab\u00a0Sacr\u00e9\u00a0\u00bb dans le v\u00e9cu populaire quotidien d&rsquo;antan.<\/p>\n\n\n\n<div class=\"wp-block-image\"><figure class=\"aligncenter size-large\"><a href=\"http:\/\/www.confrerie-saint-symphorien.be\/wp-content\/uploads\/2020\/11\/01Ecolecom.jpg\"><img loading=\"lazy\" decoding=\"async\" width=\"1000\" height=\"640\" src=\"http:\/\/www.confrerie-saint-symphorien.be\/wp-content\/uploads\/2020\/11\/01Ecolecom.jpg\" alt=\"\" class=\"wp-image-2907\" srcset=\"http:\/\/www.confrerie-saint-symphorien.be\/wp-content\/uploads\/2020\/11\/01Ecolecom.jpg 1000w, http:\/\/www.confrerie-saint-symphorien.be\/wp-content\/uploads\/2020\/11\/01Ecolecom-300x192.jpg 300w, http:\/\/www.confrerie-saint-symphorien.be\/wp-content\/uploads\/2020\/11\/01Ecolecom-768x492.jpg 768w\" sizes=\"auto, (max-width: 706px) 89vw, (max-width: 767px) 82vw, 740px\" \/><\/a><figcaption>En 1930, le centenaire de l&rsquo;ind\u00e9pendance de la Belgique fut comm\u00e9mor\u00e9. A cette occasion, une centaine de symphorinois furent r\u00e9unis et prirent la pose devant l&rsquo;ancienne maison communale. Les drapeaux des diverses corporations ou associations \u00e9taient mis \u00e0 l&rsquo;honneur et une indication \u00ab\u00a0Saint-Symphorien 1830 &#8211; 1930\u00a0\u00bb avait \u00e9t\u00e9 appos\u00e9e au-dessus de la porte d&rsquo;entr\u00e9e de l&rsquo;immeuble communal.<\/figcaption><\/figure><\/div>\n\n\n\n<div class=\"wp-block-image\"><figure class=\"aligncenter size-large\"><a href=\"http:\/\/www.confrerie-saint-symphorien.be\/wp-content\/uploads\/2020\/11\/02Ecolecom.jpg\"><img loading=\"lazy\" decoding=\"async\" width=\"1000\" height=\"422\" src=\"http:\/\/www.confrerie-saint-symphorien.be\/wp-content\/uploads\/2020\/11\/02Ecolecom.jpg\" alt=\"\" class=\"wp-image-2908\" srcset=\"http:\/\/www.confrerie-saint-symphorien.be\/wp-content\/uploads\/2020\/11\/02Ecolecom.jpg 1000w, http:\/\/www.confrerie-saint-symphorien.be\/wp-content\/uploads\/2020\/11\/02Ecolecom-300x127.jpg 300w, http:\/\/www.confrerie-saint-symphorien.be\/wp-content\/uploads\/2020\/11\/02Ecolecom-768x324.jpg 768w\" sizes=\"auto, (max-width: 706px) 89vw, (max-width: 767px) 82vw, 740px\" \/><\/a><figcaption>Peut-\u00eatre, en y regardant de plus pr\u00e8s, reconna\u00eetrez-vous un parent ou un vieil ami. En tout cas, on distingue imm\u00e9diatement le Roi des Archers de l&rsquo;ann\u00e9e 1930 lequel porte fi\u00e8rement son collier en argent (cf. infra la \u00ab\u00a0Vie associative\u00a0\u00bb).<\/figcaption><\/figure><\/div>\n\n\n\n<div class=\"wp-block-image\"><figure class=\"aligncenter size-large\"><a href=\"http:\/\/www.confrerie-saint-symphorien.be\/wp-content\/uploads\/2020\/11\/03Ecolecom.jpg\"><img loading=\"lazy\" decoding=\"async\" width=\"1000\" height=\"533\" src=\"http:\/\/www.confrerie-saint-symphorien.be\/wp-content\/uploads\/2020\/11\/03Ecolecom.jpg\" alt=\"\" class=\"wp-image-2910\" srcset=\"http:\/\/www.confrerie-saint-symphorien.be\/wp-content\/uploads\/2020\/11\/03Ecolecom.jpg 1000w, http:\/\/www.confrerie-saint-symphorien.be\/wp-content\/uploads\/2020\/11\/03Ecolecom-300x160.jpg 300w, http:\/\/www.confrerie-saint-symphorien.be\/wp-content\/uploads\/2020\/11\/03Ecolecom-768x409.jpg 768w\" sizes=\"auto, (max-width: 706px) 89vw, (max-width: 767px) 82vw, 740px\" \/><\/a><figcaption>Des militaires, des miliciens et des musiciens entre autres. Ces photographies du centenaire nous ont \u00e9t\u00e9 fort aimablement pr\u00eat\u00e9es par la famille Bauti\u00e8re-Marozzo.<\/figcaption><\/figure><\/div>\n\n\n\n<div class=\"wp-block-image\"><figure class=\"aligncenter size-large\"><a href=\"http:\/\/www.confrerie-saint-symphorien.be\/wp-content\/uploads\/2020\/11\/04Ecolesoeurs.jpg\"><img loading=\"lazy\" decoding=\"async\" width=\"1000\" height=\"678\" src=\"http:\/\/www.confrerie-saint-symphorien.be\/wp-content\/uploads\/2020\/11\/04Ecolesoeurs.jpg\" alt=\"\" class=\"wp-image-2911\" srcset=\"http:\/\/www.confrerie-saint-symphorien.be\/wp-content\/uploads\/2020\/11\/04Ecolesoeurs.jpg 1000w, http:\/\/www.confrerie-saint-symphorien.be\/wp-content\/uploads\/2020\/11\/04Ecolesoeurs-300x203.jpg 300w, http:\/\/www.confrerie-saint-symphorien.be\/wp-content\/uploads\/2020\/11\/04Ecolesoeurs-768x521.jpg 768w\" sizes=\"auto, (max-width: 706px) 89vw, (max-width: 767px) 82vw, 740px\" \/><\/a><figcaption>Les \u00e9l\u00e8ves de l&rsquo;enseignement communal et catholique de l&rsquo;\u00e9poque pos\u00e8rent \u00e9galement pour la circonstance. Nous avons vu que l&rsquo;ancienne maison communale est aujourd&rsquo;hui le si\u00e8ge social du Groupe Renmans S.A. On constate qu&rsquo;\u00e0 l&rsquo;\u00e9poque, la fa\u00e7ade comprenait un fronton sur lequel les mots \u00ab\u00a0Maison communale\u00a0\u00bb \u00e9taient appos\u00e9s.<\/figcaption><\/figure><\/div>\n\n\n\n<div class=\"wp-block-image\"><figure class=\"aligncenter size-large\"><a href=\"http:\/\/www.confrerie-saint-symphorien.be\/wp-content\/uploads\/2020\/11\/05Ecolesoeurs.jpg\"><img loading=\"lazy\" decoding=\"async\" width=\"1000\" height=\"490\" src=\"http:\/\/www.confrerie-saint-symphorien.be\/wp-content\/uploads\/2020\/11\/05Ecolesoeurs.jpg\" alt=\"\" class=\"wp-image-2912\" srcset=\"http:\/\/www.confrerie-saint-symphorien.be\/wp-content\/uploads\/2020\/11\/05Ecolesoeurs.jpg 1000w, http:\/\/www.confrerie-saint-symphorien.be\/wp-content\/uploads\/2020\/11\/05Ecolesoeurs-300x147.jpg 300w, http:\/\/www.confrerie-saint-symphorien.be\/wp-content\/uploads\/2020\/11\/05Ecolesoeurs-768x376.jpg 768w\" sizes=\"auto, (max-width: 706px) 89vw, (max-width: 767px) 82vw, 740px\" \/><\/a><figcaption>A gauche, les \u00e9l\u00e8ves de l&rsquo;Ecole Communale.<\/figcaption><\/figure><\/div>\n\n\n\n<div class=\"wp-block-image\"><figure class=\"aligncenter size-large\"><a href=\"http:\/\/www.confrerie-saint-symphorien.be\/wp-content\/uploads\/2020\/11\/06Ecolesoeurs.jpg\"><img loading=\"lazy\" decoding=\"async\" width=\"1000\" height=\"471\" src=\"http:\/\/www.confrerie-saint-symphorien.be\/wp-content\/uploads\/2020\/11\/06Ecolesoeurs.jpg\" alt=\"\" class=\"wp-image-2913\" srcset=\"http:\/\/www.confrerie-saint-symphorien.be\/wp-content\/uploads\/2020\/11\/06Ecolesoeurs.jpg 1000w, http:\/\/www.confrerie-saint-symphorien.be\/wp-content\/uploads\/2020\/11\/06Ecolesoeurs-300x141.jpg 300w, http:\/\/www.confrerie-saint-symphorien.be\/wp-content\/uploads\/2020\/11\/06Ecolesoeurs-768x362.jpg 768w\" sizes=\"auto, (max-width: 706px) 89vw, (max-width: 767px) 82vw, 740px\" \/><\/a><figcaption>A droite, les \u00e9l\u00e8ves de l&rsquo;Ecole Catholique. L&rsquo;\u00e9cole libre des \u00ab\u00a0Filles de la Sagesse\u00a0\u00bb vit le jour en 1902.<\/figcaption><\/figure><\/div>\n\n\n\n<div class=\"wp-block-image\"><figure class=\"aligncenter size-large\"><a href=\"http:\/\/www.confrerie-saint-symphorien.be\/wp-content\/uploads\/2020\/11\/St-Symphorien-Usines1.jpg\"><img loading=\"lazy\" decoding=\"async\" width=\"1002\" height=\"580\" src=\"http:\/\/www.confrerie-saint-symphorien.be\/wp-content\/uploads\/2020\/11\/St-Symphorien-Usines1.jpg\" alt=\"\" class=\"wp-image-2914\" srcset=\"http:\/\/www.confrerie-saint-symphorien.be\/wp-content\/uploads\/2020\/11\/St-Symphorien-Usines1.jpg 1002w, http:\/\/www.confrerie-saint-symphorien.be\/wp-content\/uploads\/2020\/11\/St-Symphorien-Usines1-300x174.jpg 300w, http:\/\/www.confrerie-saint-symphorien.be\/wp-content\/uploads\/2020\/11\/St-Symphorien-Usines1-768x445.jpg 768w\" sizes=\"auto, (max-width: 706px) 89vw, (max-width: 767px) 82vw, 740px\" \/><\/a><figcaption>Aux chapitres \u00ab\u00a0Histoire\u00a0\u00bb et \u00ab\u00a0D\u00e9couverte Nature\u00a0\u00bb, nous avons parl\u00e9 de l&rsquo;importance de l&rsquo;exploitation des carri\u00e8res de phosphate pour le village \u00e0 la fin du XIX\u00e8me si\u00e8cle et au d\u00e9but du XX\u00e8me. Ici, une vue d&rsquo;ensemble de \u00ab\u00a0La Soci\u00e9t\u00e9 Anonyme des Phosphates de et \u00e0 St-Symphorien\u00a0\u00bb.<\/figcaption><\/figure><\/div>\n\n\n\n<div class=\"wp-block-image\"><figure class=\"aligncenter size-large\"><a href=\"http:\/\/www.confrerie-saint-symphorien.be\/wp-content\/uploads\/2020\/11\/St-Symphorien-Usines2.jpg\"><img loading=\"lazy\" decoding=\"async\" width=\"1000\" height=\"573\" src=\"http:\/\/www.confrerie-saint-symphorien.be\/wp-content\/uploads\/2020\/11\/St-Symphorien-Usines2.jpg\" alt=\"\" class=\"wp-image-2915\" srcset=\"http:\/\/www.confrerie-saint-symphorien.be\/wp-content\/uploads\/2020\/11\/St-Symphorien-Usines2.jpg 1000w, http:\/\/www.confrerie-saint-symphorien.be\/wp-content\/uploads\/2020\/11\/St-Symphorien-Usines2-300x172.jpg 300w, http:\/\/www.confrerie-saint-symphorien.be\/wp-content\/uploads\/2020\/11\/St-Symphorien-Usines2-768x440.jpg 768w\" sizes=\"auto, (max-width: 706px) 89vw, (max-width: 767px) 82vw, 740px\" \/><\/a><figcaption>La cour de l&rsquo;exploitation et les moyens de transports : le petit train \u00e0 vapeur et les chevaux. Documents aimablement mis \u00e0 notre disposition par la famille BIENFAIT.<\/figcaption><\/figure><\/div>\n\n\n\n<div class=\"wp-block-image\"><figure class=\"aligncenter size-large\"><a href=\"http:\/\/www.confrerie-saint-symphorien.be\/wp-content\/uploads\/2020\/11\/Vapeur.jpg\"><img loading=\"lazy\" decoding=\"async\" width=\"445\" height=\"614\" src=\"http:\/\/www.confrerie-saint-symphorien.be\/wp-content\/uploads\/2020\/11\/Vapeur.jpg\" alt=\"\" class=\"wp-image-2916\" srcset=\"http:\/\/www.confrerie-saint-symphorien.be\/wp-content\/uploads\/2020\/11\/Vapeur.jpg 445w, http:\/\/www.confrerie-saint-symphorien.be\/wp-content\/uploads\/2020\/11\/Vapeur-217x300.jpg 217w\" sizes=\"auto, (max-width: 445px) 100vw, 445px\" \/><\/a><figcaption>Ce petit train pouvait emprunter le r\u00e9seau du tram \u00e0 vapeur. Voyez \u00e9galement ci-dessus au chapitre \u00ab\u00a0Chroniques anciennes\u00a0\u00bb, la rubrique consacr\u00e9e aux anciens transports.<\/figcaption><\/figure><\/div>\n\n\n\n<div class=\"wp-block-image\"><figure class=\"aligncenter size-large\"><a href=\"http:\/\/www.confrerie-saint-symphorien.be\/wp-content\/uploads\/2020\/11\/Site_tonneliers.jpg\"><img loading=\"lazy\" decoding=\"async\" width=\"1000\" height=\"628\" src=\"http:\/\/www.confrerie-saint-symphorien.be\/wp-content\/uploads\/2020\/11\/Site_tonneliers.jpg\" alt=\"\" class=\"wp-image-2917\" srcset=\"http:\/\/www.confrerie-saint-symphorien.be\/wp-content\/uploads\/2020\/11\/Site_tonneliers.jpg 1000w, http:\/\/www.confrerie-saint-symphorien.be\/wp-content\/uploads\/2020\/11\/Site_tonneliers-300x188.jpg 300w, http:\/\/www.confrerie-saint-symphorien.be\/wp-content\/uploads\/2020\/11\/Site_tonneliers-768x482.jpg 768w\" sizes=\"auto, (max-width: 706px) 89vw, (max-width: 767px) 82vw, 740px\" \/><\/a><figcaption>Livraison de f\u00fbts par la brasserie.<\/figcaption><\/figure><\/div>\n\n\n\n<div class=\"wp-block-image\"><figure class=\"aligncenter size-large\"><a href=\"http:\/\/www.confrerie-saint-symphorien.be\/wp-content\/uploads\/2020\/11\/Site_Sebille.jpg\"><img loading=\"lazy\" decoding=\"async\" width=\"1000\" height=\"659\" src=\"http:\/\/www.confrerie-saint-symphorien.be\/wp-content\/uploads\/2020\/11\/Site_Sebille.jpg\" alt=\"\" class=\"wp-image-2918\" srcset=\"http:\/\/www.confrerie-saint-symphorien.be\/wp-content\/uploads\/2020\/11\/Site_Sebille.jpg 1000w, http:\/\/www.confrerie-saint-symphorien.be\/wp-content\/uploads\/2020\/11\/Site_Sebille-300x198.jpg 300w, http:\/\/www.confrerie-saint-symphorien.be\/wp-content\/uploads\/2020\/11\/Site_Sebille-768x506.jpg 768w\" sizes=\"auto, (max-width: 706px) 89vw, (max-width: 767px) 82vw, 740px\" \/><\/a><figcaption>L&rsquo;ancien immeuble S\u00e9bille aujourd&rsquo;hui \u00e9cole libre des Filles de la Sagesse (et couvent).<\/figcaption><\/figure><\/div>\n\n\n\n<div class=\"wp-block-image\"><figure class=\"aligncenter size-large\"><a href=\"http:\/\/www.confrerie-saint-symphorien.be\/wp-content\/uploads\/2020\/11\/Site_Petit_Pave.jpg\"><img loading=\"lazy\" decoding=\"async\" width=\"1000\" height=\"615\" src=\"http:\/\/www.confrerie-saint-symphorien.be\/wp-content\/uploads\/2020\/11\/Site_Petit_Pave.jpg\" alt=\"\" class=\"wp-image-2919\" srcset=\"http:\/\/www.confrerie-saint-symphorien.be\/wp-content\/uploads\/2020\/11\/Site_Petit_Pave.jpg 1000w, http:\/\/www.confrerie-saint-symphorien.be\/wp-content\/uploads\/2020\/11\/Site_Petit_Pave-300x185.jpg 300w, http:\/\/www.confrerie-saint-symphorien.be\/wp-content\/uploads\/2020\/11\/Site_Petit_Pave-768x472.jpg 768w\" sizes=\"auto, (max-width: 706px) 89vw, (max-width: 767px) 82vw, 740px\" \/><\/a><figcaption>Le Petit Pav\u00e9.<\/figcaption><\/figure><\/div>\n\n\n\n<div class=\"wp-block-image\"><figure class=\"aligncenter size-large\"><a href=\"http:\/\/www.confrerie-saint-symphorien.be\/wp-content\/uploads\/2020\/11\/Les_4_Paves.jpg\"><img loading=\"lazy\" decoding=\"async\" width=\"1000\" height=\"648\" src=\"http:\/\/www.confrerie-saint-symphorien.be\/wp-content\/uploads\/2020\/11\/Les_4_Paves.jpg\" alt=\"\" class=\"wp-image-2921\" srcset=\"http:\/\/www.confrerie-saint-symphorien.be\/wp-content\/uploads\/2020\/11\/Les_4_Paves.jpg 1000w, http:\/\/www.confrerie-saint-symphorien.be\/wp-content\/uploads\/2020\/11\/Les_4_Paves-300x194.jpg 300w, http:\/\/www.confrerie-saint-symphorien.be\/wp-content\/uploads\/2020\/11\/Les_4_Paves-768x498.jpg 768w\" sizes=\"auto, (max-width: 706px) 89vw, (max-width: 767px) 82vw, 740px\" \/><\/a><figcaption>Les Quatre Pav\u00e9s.<\/figcaption><\/figure><\/div>\n\n\n\n<div class=\"wp-block-image\"><figure class=\"aligncenter size-large\"><a href=\"http:\/\/www.confrerie-saint-symphorien.be\/wp-content\/uploads\/2020\/11\/Bureau_poste1.jpg\"><img loading=\"lazy\" decoding=\"async\" width=\"1000\" height=\"629\" src=\"http:\/\/www.confrerie-saint-symphorien.be\/wp-content\/uploads\/2020\/11\/Bureau_poste1.jpg\" alt=\"\" class=\"wp-image-2922\" srcset=\"http:\/\/www.confrerie-saint-symphorien.be\/wp-content\/uploads\/2020\/11\/Bureau_poste1.jpg 1000w, http:\/\/www.confrerie-saint-symphorien.be\/wp-content\/uploads\/2020\/11\/Bureau_poste1-300x189.jpg 300w, http:\/\/www.confrerie-saint-symphorien.be\/wp-content\/uploads\/2020\/11\/Bureau_poste1-768x483.jpg 768w\" sizes=\"auto, (max-width: 706px) 89vw, (max-width: 767px) 82vw, 740px\" \/><\/a><figcaption>Le bureau de Poste.<\/figcaption><\/figure><\/div>\n\n\n\n<div class=\"wp-block-image\"><figure class=\"aligncenter size-large\"><a href=\"http:\/\/www.confrerie-saint-symphorien.be\/wp-content\/uploads\/2020\/11\/1911_Tabac_Obourg-1.jpg\"><img loading=\"lazy\" decoding=\"async\" width=\"1000\" height=\"639\" src=\"http:\/\/www.confrerie-saint-symphorien.be\/wp-content\/uploads\/2020\/11\/1911_Tabac_Obourg-1.jpg\" alt=\"\" class=\"wp-image-2924\" srcset=\"http:\/\/www.confrerie-saint-symphorien.be\/wp-content\/uploads\/2020\/11\/1911_Tabac_Obourg-1.jpg 1000w, http:\/\/www.confrerie-saint-symphorien.be\/wp-content\/uploads\/2020\/11\/1911_Tabac_Obourg-1-300x192.jpg 300w, http:\/\/www.confrerie-saint-symphorien.be\/wp-content\/uploads\/2020\/11\/1911_Tabac_Obourg-1-768x491.jpg 768w\" sizes=\"auto, (max-width: 706px) 89vw, (max-width: 767px) 82vw, 740px\" \/><\/a><figcaption>Livraison de tabac d&rsquo;Obourg (1911).<\/figcaption><\/figure><\/div>\n\n\n\n<div class=\"wp-block-image\"><figure class=\"aligncenter size-large\"><a href=\"http:\/\/www.confrerie-saint-symphorien.be\/wp-content\/uploads\/2020\/11\/Tabac_Obourg2.jpg\"><img loading=\"lazy\" decoding=\"async\" width=\"1000\" height=\"637\" src=\"http:\/\/www.confrerie-saint-symphorien.be\/wp-content\/uploads\/2020\/11\/Tabac_Obourg2.jpg\" alt=\"\" class=\"wp-image-2925\" srcset=\"http:\/\/www.confrerie-saint-symphorien.be\/wp-content\/uploads\/2020\/11\/Tabac_Obourg2.jpg 1000w, http:\/\/www.confrerie-saint-symphorien.be\/wp-content\/uploads\/2020\/11\/Tabac_Obourg2-300x191.jpg 300w, http:\/\/www.confrerie-saint-symphorien.be\/wp-content\/uploads\/2020\/11\/Tabac_Obourg2-768x489.jpg 768w\" sizes=\"auto, (max-width: 706px) 89vw, (max-width: 767px) 82vw, 740px\" \/><\/a><figcaption>M\u00eame sc\u00e8ne<\/figcaption><\/figure><\/div>\n\n\n\n<div class=\"wp-block-image\"><figure class=\"aligncenter size-large\"><a href=\"http:\/\/www.confrerie-saint-symphorien.be\/wp-content\/uploads\/2020\/11\/Festivites2.jpg\"><img loading=\"lazy\" decoding=\"async\" width=\"944\" height=\"686\" src=\"http:\/\/www.confrerie-saint-symphorien.be\/wp-content\/uploads\/2020\/11\/Festivites2.jpg\" alt=\"\" class=\"wp-image-2926\" srcset=\"http:\/\/www.confrerie-saint-symphorien.be\/wp-content\/uploads\/2020\/11\/Festivites2.jpg 944w, http:\/\/www.confrerie-saint-symphorien.be\/wp-content\/uploads\/2020\/11\/Festivites2-300x218.jpg 300w, http:\/\/www.confrerie-saint-symphorien.be\/wp-content\/uploads\/2020\/11\/Festivites2-768x558.jpg 768w\" sizes=\"auto, (max-width: 706px) 89vw, (max-width: 767px) 82vw, 740px\" \/><\/a><figcaption>Festivit\u00e9s sur la Place.<\/figcaption><\/figure><\/div>\n\n\n\n<div class=\"wp-block-image\"><figure class=\"aligncenter size-large\"><a href=\"http:\/\/www.confrerie-saint-symphorien.be\/wp-content\/uploads\/2020\/11\/Festivites1.jpg\"><img loading=\"lazy\" decoding=\"async\" width=\"935\" height=\"686\" src=\"http:\/\/www.confrerie-saint-symphorien.be\/wp-content\/uploads\/2020\/11\/Festivites1.jpg\" alt=\"\" class=\"wp-image-2927\" srcset=\"http:\/\/www.confrerie-saint-symphorien.be\/wp-content\/uploads\/2020\/11\/Festivites1.jpg 935w, http:\/\/www.confrerie-saint-symphorien.be\/wp-content\/uploads\/2020\/11\/Festivites1-300x220.jpg 300w, http:\/\/www.confrerie-saint-symphorien.be\/wp-content\/uploads\/2020\/11\/Festivites1-768x563.jpg 768w\" sizes=\"auto, (max-width: 706px) 89vw, (max-width: 767px) 82vw, 740px\" \/><\/a><figcaption>M\u00eame sc\u00e8ne.<\/figcaption><\/figure><\/div>\n\n\n\n<p class=\"has-text-align-right has-small-font-size\">\u00a9Texte de Bernard Detry<\/p>\n","protected":false},"excerpt":{"rendered":"<p>Des photographies anciennes du village. Cette rubrique, pr\u00e9sent\u00e9e en trois parties, est r\u00e9alis\u00e9e gr\u00e2ce \u00e0 des photographies et documents anciens mis \u00e0 notre disposition par les symphorinois. Des images retrouv\u00e9es dans de vieux albums, des greniers ou des brocantes qui \u00e9voquent un pass\u00e9 dans lequel il faisait bon vivre.De tr\u00e8s nombreux documents sont \u00e0 connotation &hellip; <\/p>\n<p class=\"link-more\"><a href=\"http:\/\/www.confrerie-saint-symphorien.be\/?p=2906\" class=\"more-link\">Continuer la lecture<span class=\"screen-reader-text\"> de &laquo;&nbsp;Images d&rsquo;un pass\u00e9 simple.&nbsp;&raquo;<\/span><\/a><\/p>\n","protected":false},"author":1,"featured_media":0,"comment_status":"open","ping_status":"open","sticky":false,"template":"","format":"standard","meta":{"_exactmetrics_skip_tracking":false,"_exactmetrics_sitenote_active":false,"_exactmetrics_sitenote_note":"","_exactmetrics_sitenote_category":0,"ngg_post_thumbnail":0,"footnotes":""},"categories":[173],"tags":[],"class_list":["post-2906","post","type-post","status-publish","format-standard","hentry","category-patrimoine"],"_links":{"self":[{"href":"http:\/\/www.confrerie-saint-symphorien.be\/index.php?rest_route=\/wp\/v2\/posts\/2906","targetHints":{"allow":["GET"]}}],"collection":[{"href":"http:\/\/www.confrerie-saint-symphorien.be\/index.php?rest_route=\/wp\/v2\/posts"}],"about":[{"href":"http:\/\/www.confrerie-saint-symphorien.be\/index.php?rest_route=\/wp\/v2\/types\/post"}],"author":[{"embeddable":true,"href":"http:\/\/www.confrerie-saint-symphorien.be\/index.php?rest_route=\/wp\/v2\/users\/1"}],"replies":[{"embeddable":true,"href":"http:\/\/www.confrerie-saint-symphorien.be\/index.php?rest_route=%2Fwp%2Fv2%2Fcomments&post=2906"}],"version-history":[{"count":4,"href":"http:\/\/www.confrerie-saint-symphorien.be\/index.php?rest_route=\/wp\/v2\/posts\/2906\/revisions"}],"predecessor-version":[{"id":3403,"href":"http:\/\/www.confrerie-saint-symphorien.be\/index.php?rest_route=\/wp\/v2\/posts\/2906\/revisions\/3403"}],"wp:attachment":[{"href":"http:\/\/www.confrerie-saint-symphorien.be\/index.php?rest_route=%2Fwp%2Fv2%2Fmedia&parent=2906"}],"wp:term":[{"taxonomy":"category","embeddable":true,"href":"http:\/\/www.confrerie-saint-symphorien.be\/index.php?rest_route=%2Fwp%2Fv2%2Fcategories&post=2906"},{"taxonomy":"post_tag","embeddable":true,"href":"http:\/\/www.confrerie-saint-symphorien.be\/index.php?rest_route=%2Fwp%2Fv2%2Ftags&post=2906"}],"curies":[{"name":"wp","href":"https:\/\/api.w.org\/{rel}","templated":true}]}}