{"id":2981,"date":"2022-01-13T18:54:51","date_gmt":"2022-01-13T17:54:51","guid":{"rendered":"http:\/\/www.confrerie-saint-symphorien.be\/?p=2981"},"modified":"2022-01-13T20:26:41","modified_gmt":"2022-01-13T19:26:41","slug":"la-chasse-en-details","status":"publish","type":"post","link":"http:\/\/www.confrerie-saint-symphorien.be\/?p=2981","title":{"rendered":"La ch\u00e2sse en d\u00e9tails."},"content":{"rendered":"\n<p><em><strong>Peu de personnes ont l&rsquo;occasion de voir des d\u00e9tails de la ch\u00e2sse et d&rsquo;apprendre \u00e0 son sujet quelques d\u00e9tails. En voici l&rsquo;opportunit\u00e9.<\/strong><\/em><\/p>\n\n\n\n<p>Commenc\u00e9e vers 1160, la ch\u00e2sse garde de cette \u00e9poque des \u00e9maux champlev\u00e9s et divers ornements cisel\u00e9s, puis des figures en relief : le Christ, la Vierge, un Ange, Aaron et un \u00e9vang\u00e9liste courb\u00e9 sur son \u00e9critoire.<br>D\u00e9grad\u00e9e, peut-\u00eatre dans un incendie, elle fut restaur\u00e9e une premi\u00e8re fois aux environs de 1275 dans le style et \u00e0 la mani\u00e8re propre des ateliers de l&rsquo;Entre-Sambre-et-Meuse.<br>L&rsquo;orf\u00e8vre est inconnu. La ch\u00e2sse a, sans doute, \u00e9t\u00e9 r\u00e9alis\u00e9e en trois \u00e9tapes : 1160, 1251 et 1300.<\/p>\n\n\n\n<p>A la base, la ch\u00e2sse a \u00e9t\u00e9 confectionn\u00e9e en ch\u00eane. Les m\u00e9taux utilis\u00e9s ensuite sont du cuivre, du laiton et de l&rsquo;\u00e9mail.<br>La technique employ\u00e9e : coul\u00e9, \u00e9mail, champlev\u00e9, dor\u00e9 et cisel\u00e9.<\/p>\n\n\n\n<p>Cette ch\u00e2sse rel\u00e8ve de l&rsquo;art roman. Les douze ap\u00f4tres sont repr\u00e9sent\u00e9s sur les faces. On d\u00e9couvre \u00e9galement notamment trois des quatre vertus th\u00e9ologales sur les versants du toit. On peut y lire, d&rsquo;un c\u00f4t\u00e9, \u00ab\u00a0Fortitudo et Prudentia\u00a0\u00bb (Force et Prudence) et, de l&rsquo;autre, \u00ab\u00a0Justicia\u00a0\u00bb (Justice).<\/p>\n\n\n\n<p>La tradition rapporte que la ch\u00e2sse aurait contenu \u00e0 diverses \u00e9poques des reliques provenant :<br>&#8211; de la maison de Sainte Anne,<br>&#8211; de la cit\u00e9 de Nazareth,<br>&#8211; du temple de J\u00e9rusalem,<br>&#8211; du lieux o\u00f9 les anges apparurent aux bergers lors de la naissance du Christ,<br>&#8211; de la pierre sur laquelle dormaient les ap\u00f4tres lors de la pri\u00e8re du Seigneur,<br>&#8211; du lieu o\u00f9 se cach\u00e8rent les ap\u00f4tres lors de la passion du Sauveur,<br>&#8211; du lieu o\u00f9 les ap\u00f4tres dict\u00e8rent le symbole de notre foi,<br>&#8211; du Mont Thabor,<br>&#8211; du Mont des Oliviers,<br>&#8211; du tombeau de Saint-Joseph,<br>&#8211; du tombeau des Saints innocents,<br>&#8211; d&rsquo;un os de Saint-Blaise,<br>&#8211; de la pierre sur laquelle dormait Saint-Fran\u00e7ois,<br>&#8211; du cr\u00e2ne d&rsquo;une Vierge Martyre, compagne de Saint-Ursule.<\/p>\n\n\n\n<p>Photographies YRTEDiffusion.<\/p>\n\n\n\n<div class=\"wp-block-image\"><figure class=\"aligncenter size-large\"><a href=\"http:\/\/www.confrerie-saint-symphorien.be\/wp-content\/uploads\/2020\/11\/1.Chasse.site_.jpg\"><img loading=\"lazy\" decoding=\"async\" width=\"1000\" height=\"653\" src=\"http:\/\/www.confrerie-saint-symphorien.be\/wp-content\/uploads\/2020\/11\/1.Chasse.site_.jpg\" alt=\"\" class=\"wp-image-2982\" srcset=\"http:\/\/www.confrerie-saint-symphorien.be\/wp-content\/uploads\/2020\/11\/1.Chasse.site_.jpg 1000w, http:\/\/www.confrerie-saint-symphorien.be\/wp-content\/uploads\/2020\/11\/1.Chasse.site_-300x196.jpg 300w, http:\/\/www.confrerie-saint-symphorien.be\/wp-content\/uploads\/2020\/11\/1.Chasse.site_-768x502.jpg 768w\" sizes=\"auto, (max-width: 706px) 89vw, (max-width: 767px) 82vw, 740px\" \/><\/a><figcaption>La ch\u00e2sse, vue d&rsquo;ensemble, face \u00ab\u00a0JUSTICIA\u00a0\u00bb.<\/figcaption><\/figure><\/div>\n\n\n\n<div class=\"wp-block-image\"><figure class=\"aligncenter size-large\"><a href=\"http:\/\/www.confrerie-saint-symphorien.be\/wp-content\/uploads\/2020\/11\/2.Ornements.site_.jpg\"><img loading=\"lazy\" decoding=\"async\" width=\"909\" height=\"670\" src=\"http:\/\/www.confrerie-saint-symphorien.be\/wp-content\/uploads\/2020\/11\/2.Ornements.site_.jpg\" alt=\"\" class=\"wp-image-2983\" srcset=\"http:\/\/www.confrerie-saint-symphorien.be\/wp-content\/uploads\/2020\/11\/2.Ornements.site_.jpg 909w, http:\/\/www.confrerie-saint-symphorien.be\/wp-content\/uploads\/2020\/11\/2.Ornements.site_-300x221.jpg 300w, http:\/\/www.confrerie-saint-symphorien.be\/wp-content\/uploads\/2020\/11\/2.Ornements.site_-768x566.jpg 768w\" sizes=\"auto, (max-width: 706px) 89vw, (max-width: 767px) 82vw, 740px\" \/><\/a><figcaption>Ornements &#8211; \u00e9maux mosans.<\/figcaption><\/figure><\/div>\n\n\n\n<div class=\"wp-block-image\"><figure class=\"aligncenter size-large\"><a href=\"http:\/\/www.confrerie-saint-symphorien.be\/wp-content\/uploads\/2020\/11\/3.Christ.site_.jpg\"><img loading=\"lazy\" decoding=\"async\" width=\"447\" height=\"670\" src=\"http:\/\/www.confrerie-saint-symphorien.be\/wp-content\/uploads\/2020\/11\/3.Christ.site_.jpg\" alt=\"\" class=\"wp-image-2984\" srcset=\"http:\/\/www.confrerie-saint-symphorien.be\/wp-content\/uploads\/2020\/11\/3.Christ.site_.jpg 447w, http:\/\/www.confrerie-saint-symphorien.be\/wp-content\/uploads\/2020\/11\/3.Christ.site_-200x300.jpg 200w\" sizes=\"auto, (max-width: 447px) 100vw, 447px\" \/><\/a><figcaption>Le Christ, figure en relief.<\/figcaption><\/figure><\/div>\n\n\n\n<div class=\"wp-block-image\"><figure class=\"aligncenter size-large\"><a href=\"http:\/\/www.confrerie-saint-symphorien.be\/wp-content\/uploads\/2020\/11\/4.Vierge.site_.jpg\"><img loading=\"lazy\" decoding=\"async\" width=\"409\" height=\"670\" src=\"http:\/\/www.confrerie-saint-symphorien.be\/wp-content\/uploads\/2020\/11\/4.Vierge.site_.jpg\" alt=\"\" class=\"wp-image-2985\" srcset=\"http:\/\/www.confrerie-saint-symphorien.be\/wp-content\/uploads\/2020\/11\/4.Vierge.site_.jpg 409w, http:\/\/www.confrerie-saint-symphorien.be\/wp-content\/uploads\/2020\/11\/4.Vierge.site_-183x300.jpg 183w\" sizes=\"auto, (max-width: 409px) 100vw, 409px\" \/><\/a><figcaption>La Vierge et l&rsquo;Enfant, figures en relief.<\/figcaption><\/figure><\/div>\n\n\n\n<div class=\"wp-block-image\"><figure class=\"aligncenter size-large\"><a href=\"http:\/\/www.confrerie-saint-symphorien.be\/wp-content\/uploads\/2020\/11\/5.Ecritoire.site_.jpg\"><img loading=\"lazy\" decoding=\"async\" width=\"1000\" height=\"538\" src=\"http:\/\/www.confrerie-saint-symphorien.be\/wp-content\/uploads\/2020\/11\/5.Ecritoire.site_.jpg\" alt=\"\" class=\"wp-image-2986\" srcset=\"http:\/\/www.confrerie-saint-symphorien.be\/wp-content\/uploads\/2020\/11\/5.Ecritoire.site_.jpg 1000w, http:\/\/www.confrerie-saint-symphorien.be\/wp-content\/uploads\/2020\/11\/5.Ecritoire.site_-300x161.jpg 300w, http:\/\/www.confrerie-saint-symphorien.be\/wp-content\/uploads\/2020\/11\/5.Ecritoire.site_-768x413.jpg 768w\" sizes=\"auto, (max-width: 706px) 89vw, (max-width: 767px) 82vw, 740px\" \/><\/a><figcaption>Evang\u00e9liste courb\u00e9 sur son \u00e9critoire<\/figcaption><\/figure><\/div>\n\n\n\n<div class=\"wp-block-image\"><figure class=\"aligncenter size-large\"><a href=\"http:\/\/www.confrerie-saint-symphorien.be\/wp-content\/uploads\/2020\/11\/6.Vertus.site_.jpg\"><img loading=\"lazy\" decoding=\"async\" width=\"601\" height=\"670\" src=\"http:\/\/www.confrerie-saint-symphorien.be\/wp-content\/uploads\/2020\/11\/6.Vertus.site_.jpg\" alt=\"\" class=\"wp-image-2987\" srcset=\"http:\/\/www.confrerie-saint-symphorien.be\/wp-content\/uploads\/2020\/11\/6.Vertus.site_.jpg 601w, http:\/\/www.confrerie-saint-symphorien.be\/wp-content\/uploads\/2020\/11\/6.Vertus.site_-269x300.jpg 269w\" sizes=\"auto, (max-width: 601px) 100vw, 601px\" \/><\/a><figcaption>Vertus th\u00e9ologales : Force et Prudence.<\/figcaption><\/figure><\/div>\n\n\n\n<div class=\"wp-block-image\"><figure class=\"aligncenter size-large\"><a href=\"http:\/\/www.confrerie-saint-symphorien.be\/wp-content\/uploads\/2020\/11\/7.Apotre.site_.jpg\"><img loading=\"lazy\" decoding=\"async\" width=\"582\" height=\"670\" src=\"http:\/\/www.confrerie-saint-symphorien.be\/wp-content\/uploads\/2020\/11\/7.Apotre.site_.jpg\" alt=\"\" class=\"wp-image-2988\" srcset=\"http:\/\/www.confrerie-saint-symphorien.be\/wp-content\/uploads\/2020\/11\/7.Apotre.site_.jpg 582w, http:\/\/www.confrerie-saint-symphorien.be\/wp-content\/uploads\/2020\/11\/7.Apotre.site_-261x300.jpg 261w\" sizes=\"auto, (max-width: 582px) 100vw, 582px\" \/><\/a><figcaption>Un ap\u00f4tre repr\u00e9sent\u00e9 sur la face \u00ab\u00a0JUSTICIA\u00a0\u00bb.<\/figcaption><\/figure><\/div>\n\n\n\n<div class=\"wp-block-image\"><figure class=\"aligncenter size-large\"><a href=\"http:\/\/www.confrerie-saint-symphorien.be\/wp-content\/uploads\/2020\/11\/8.Pierre.site_.jpg\"><img loading=\"lazy\" decoding=\"async\" width=\"1000\" height=\"667\" src=\"http:\/\/www.confrerie-saint-symphorien.be\/wp-content\/uploads\/2020\/11\/8.Pierre.site_.jpg\" alt=\"\" class=\"wp-image-2989\" srcset=\"http:\/\/www.confrerie-saint-symphorien.be\/wp-content\/uploads\/2020\/11\/8.Pierre.site_.jpg 1000w, http:\/\/www.confrerie-saint-symphorien.be\/wp-content\/uploads\/2020\/11\/8.Pierre.site_-300x200.jpg 300w, http:\/\/www.confrerie-saint-symphorien.be\/wp-content\/uploads\/2020\/11\/8.Pierre.site_-768x512.jpg 768w\" sizes=\"auto, (max-width: 706px) 89vw, (max-width: 767px) 82vw, 740px\" \/><\/a><figcaption>La cr\u00eate est garnie de boules de cristal de roche.<\/figcaption><\/figure><\/div>\n\n\n\n<div class=\"wp-block-image\"><figure class=\"aligncenter size-large\"><a href=\"http:\/\/www.confrerie-saint-symphorien.be\/wp-content\/uploads\/2020\/11\/9.Detail.site_.jpg\"><img loading=\"lazy\" decoding=\"async\" width=\"447\" height=\"670\" src=\"http:\/\/www.confrerie-saint-symphorien.be\/wp-content\/uploads\/2020\/11\/9.Detail.site_.jpg\" alt=\"\" class=\"wp-image-2990\" srcset=\"http:\/\/www.confrerie-saint-symphorien.be\/wp-content\/uploads\/2020\/11\/9.Detail.site_.jpg 447w, http:\/\/www.confrerie-saint-symphorien.be\/wp-content\/uploads\/2020\/11\/9.Detail.site_-200x300.jpg 200w\" sizes=\"auto, (max-width: 447px) 100vw, 447px\" \/><\/a><figcaption>D\u00e9tail : il semblerait que des pierres serties aient disparu.<\/figcaption><\/figure><\/div>\n\n\n\n<div class=\"wp-block-image\"><figure class=\"aligncenter size-large\"><a href=\"http:\/\/www.confrerie-saint-symphorien.be\/wp-content\/uploads\/2020\/11\/FORTITUDO500.jpg\"><img loading=\"lazy\" decoding=\"async\" width=\"979\" height=\"670\" src=\"http:\/\/www.confrerie-saint-symphorien.be\/wp-content\/uploads\/2020\/11\/FORTITUDO500.jpg\" alt=\"\" class=\"wp-image-2991\" srcset=\"http:\/\/www.confrerie-saint-symphorien.be\/wp-content\/uploads\/2020\/11\/FORTITUDO500.jpg 979w, http:\/\/www.confrerie-saint-symphorien.be\/wp-content\/uploads\/2020\/11\/FORTITUDO500-300x205.jpg 300w, http:\/\/www.confrerie-saint-symphorien.be\/wp-content\/uploads\/2020\/11\/FORTITUDO500-768x526.jpg 768w\" sizes=\"auto, (max-width: 706px) 89vw, (max-width: 767px) 82vw, 740px\" \/><\/a><figcaption>La ch\u00e2sse, vue d&rsquo;ensemble, face \u00ab\u00a0FORTITUDO\u00a0\u00bb. Un travail d&rsquo;orf\u00e8vre vraiment magnifique&#8230;<\/figcaption><\/figure><\/div>\n\n\n\n<p class=\"has-text-align-right has-small-font-size\">\u00a9Texte de Bernard Detry<\/p>\n","protected":false},"excerpt":{"rendered":"<p>Peu de personnes ont l&rsquo;occasion de voir des d\u00e9tails de la ch\u00e2sse et d&rsquo;apprendre \u00e0 son sujet quelques d\u00e9tails. En voici l&rsquo;opportunit\u00e9. Commenc\u00e9e vers 1160, la ch\u00e2sse garde de cette \u00e9poque des \u00e9maux champlev\u00e9s et divers ornements cisel\u00e9s, puis des figures en relief : le Christ, la Vierge, un Ange, Aaron et un \u00e9vang\u00e9liste courb\u00e9 &hellip; <\/p>\n<p class=\"link-more\"><a href=\"http:\/\/www.confrerie-saint-symphorien.be\/?p=2981\" class=\"more-link\">Continuer la lecture<span class=\"screen-reader-text\"> de &laquo;&nbsp;La ch\u00e2sse en d\u00e9tails.&nbsp;&raquo;<\/span><\/a><\/p>\n","protected":false},"author":1,"featured_media":0,"comment_status":"open","ping_status":"open","sticky":false,"template":"","format":"standard","meta":{"_exactmetrics_skip_tracking":false,"_exactmetrics_sitenote_active":false,"_exactmetrics_sitenote_note":"","_exactmetrics_sitenote_category":0,"ngg_post_thumbnail":0,"footnotes":""},"categories":[173],"tags":[],"class_list":["post-2981","post","type-post","status-publish","format-standard","hentry","category-patrimoine"],"_links":{"self":[{"href":"http:\/\/www.confrerie-saint-symphorien.be\/index.php?rest_route=\/wp\/v2\/posts\/2981","targetHints":{"allow":["GET"]}}],"collection":[{"href":"http:\/\/www.confrerie-saint-symphorien.be\/index.php?rest_route=\/wp\/v2\/posts"}],"about":[{"href":"http:\/\/www.confrerie-saint-symphorien.be\/index.php?rest_route=\/wp\/v2\/types\/post"}],"author":[{"embeddable":true,"href":"http:\/\/www.confrerie-saint-symphorien.be\/index.php?rest_route=\/wp\/v2\/users\/1"}],"replies":[{"embeddable":true,"href":"http:\/\/www.confrerie-saint-symphorien.be\/index.php?rest_route=%2Fwp%2Fv2%2Fcomments&post=2981"}],"version-history":[{"count":2,"href":"http:\/\/www.confrerie-saint-symphorien.be\/index.php?rest_route=\/wp\/v2\/posts\/2981\/revisions"}],"predecessor-version":[{"id":3407,"href":"http:\/\/www.confrerie-saint-symphorien.be\/index.php?rest_route=\/wp\/v2\/posts\/2981\/revisions\/3407"}],"wp:attachment":[{"href":"http:\/\/www.confrerie-saint-symphorien.be\/index.php?rest_route=%2Fwp%2Fv2%2Fmedia&parent=2981"}],"wp:term":[{"taxonomy":"category","embeddable":true,"href":"http:\/\/www.confrerie-saint-symphorien.be\/index.php?rest_route=%2Fwp%2Fv2%2Fcategories&post=2981"},{"taxonomy":"post_tag","embeddable":true,"href":"http:\/\/www.confrerie-saint-symphorien.be\/index.php?rest_route=%2Fwp%2Fv2%2Ftags&post=2981"}],"curies":[{"name":"wp","href":"https:\/\/api.w.org\/{rel}","templated":true}]}}