{"id":2993,"date":"2022-01-13T18:54:17","date_gmt":"2022-01-13T17:54:17","guid":{"rendered":"http:\/\/www.confrerie-saint-symphorien.be\/?p=2993"},"modified":"2022-01-13T20:27:09","modified_gmt":"2022-01-13T19:27:09","slug":"objets-du-culte","status":"publish","type":"post","link":"http:\/\/www.confrerie-saint-symphorien.be\/?p=2993","title":{"rendered":"Objets du culte."},"content":{"rendered":"\n<p><em><strong>Calices, ciboires et autres tr\u00e9sors de la fabrique d&rsquo;\u00e9glise.<\/strong><\/em><\/p>\n\n\n\n<p>Par \u00ab\u00a0objet du culte\u00a0\u00bb, on entend :<br>objet li\u00e9 \u00e0 l&rsquo;autel, objet li\u00e9 \u00e0 l&rsquo;Eucharistie, objet li\u00e9 aux autres sacrements, objet li\u00e9 \u00e0 l&rsquo;ablution \u00e0 l&rsquo;aspersion et \u00e0 l&rsquo;encensement, objet li\u00e9 \u00e0 l&rsquo;offrande et \u00e0 la qu\u00eate, objet li\u00e9 aux temps de No\u00ebl et de Car\u00eame, objet li\u00e9 \u00e0 la cons\u00e9cration des \u00e9glises des autels et de la Porte sainte, bo\u00eete et coffret pour le rangement des objets liturgiques, objet fun\u00e9raire, objet li\u00e9 \u00e0 la procession, objet de d\u00e9votion, objet li\u00e9 au p\u00e8lerinage, objet pour l&rsquo;\u00e9clairage, insigne eccl\u00e9siastique.<\/p>\n\n\n\n<div class=\"wp-block-image\"><figure class=\"aligncenter size-large\"><a href=\"http:\/\/www.confrerie-saint-symphorien.be\/wp-content\/uploads\/2020\/11\/culte_edited.jpg\"><img loading=\"lazy\" decoding=\"async\" width=\"490\" height=\"670\" src=\"http:\/\/www.confrerie-saint-symphorien.be\/wp-content\/uploads\/2020\/11\/culte_edited.jpg\" alt=\"\" class=\"wp-image-2994\" srcset=\"http:\/\/www.confrerie-saint-symphorien.be\/wp-content\/uploads\/2020\/11\/culte_edited.jpg 490w, http:\/\/www.confrerie-saint-symphorien.be\/wp-content\/uploads\/2020\/11\/culte_edited-219x300.jpg 219w\" sizes=\"auto, (max-width: 490px) 100vw, 490px\" \/><\/a><figcaption>Phylact\u00e8re en argent du XIX\u00e8me si\u00e8cle (morceau de parchemin portant un passage de l&rsquo;Ecriture).<\/figcaption><\/figure><\/div>\n\n\n\n<div class=\"wp-block-image\"><figure class=\"aligncenter size-large\"><a href=\"http:\/\/www.confrerie-saint-symphorien.be\/wp-content\/uploads\/2020\/11\/1.Img_0480_edited.jpg\"><img loading=\"lazy\" decoding=\"async\" width=\"384\" height=\"702\" src=\"http:\/\/www.confrerie-saint-symphorien.be\/wp-content\/uploads\/2020\/11\/1.Img_0480_edited.jpg\" alt=\"\" class=\"wp-image-2995\" srcset=\"http:\/\/www.confrerie-saint-symphorien.be\/wp-content\/uploads\/2020\/11\/1.Img_0480_edited.jpg 384w, http:\/\/www.confrerie-saint-symphorien.be\/wp-content\/uploads\/2020\/11\/1.Img_0480_edited-164x300.jpg 164w\" sizes=\"auto, (max-width: 384px) 100vw, 384px\" \/><\/a><figcaption>Calice en argent. Formes unies. Style Louis XVI par A.C.J. de Bettignies. Fin du XVIII\u00e8me si\u00e8cle. Quatre poin\u00e7ons : Mons &#8211; t\u00eate de moine. 1790 . Offert par Mr. le Baron de Freslon. Hauteur : 25,5 cm.<\/figcaption><\/figure><\/div>\n\n\n\n<div class=\"wp-block-image\"><figure class=\"aligncenter size-large\"><a href=\"http:\/\/www.confrerie-saint-symphorien.be\/wp-content\/uploads\/2020\/11\/2.Img_0482_edited.jpg\"><img loading=\"lazy\" decoding=\"async\" width=\"378\" height=\"702\" src=\"http:\/\/www.confrerie-saint-symphorien.be\/wp-content\/uploads\/2020\/11\/2.Img_0482_edited.jpg\" alt=\"\" class=\"wp-image-2996\" srcset=\"http:\/\/www.confrerie-saint-symphorien.be\/wp-content\/uploads\/2020\/11\/2.Img_0482_edited.jpg 378w, http:\/\/www.confrerie-saint-symphorien.be\/wp-content\/uploads\/2020\/11\/2.Img_0482_edited-162x300.jpg 162w\" sizes=\"auto, (max-width: 378px) 100vw, 378px\" \/><\/a><figcaption>Reliquaire en argent de Saint-Symphorien. A cylindre horizontal sur tige \u00e0 pied rond. Quatre poin\u00e7ons de Mons (aigle &#8211; 50). Ann\u00e9e 1750. Hauteur 27 cm.<\/figcaption><\/figure><\/div>\n\n\n\n<div class=\"wp-block-image\"><figure class=\"aligncenter size-large\"><a href=\"http:\/\/www.confrerie-saint-symphorien.be\/wp-content\/uploads\/2020\/11\/3.Img_0487_edited.jpg\"><img loading=\"lazy\" decoding=\"async\" width=\"256\" height=\"690\" src=\"http:\/\/www.confrerie-saint-symphorien.be\/wp-content\/uploads\/2020\/11\/3.Img_0487_edited.jpg\" alt=\"\" class=\"wp-image-2997\" srcset=\"http:\/\/www.confrerie-saint-symphorien.be\/wp-content\/uploads\/2020\/11\/3.Img_0487_edited.jpg 256w, http:\/\/www.confrerie-saint-symphorien.be\/wp-content\/uploads\/2020\/11\/3.Img_0487_edited-111x300.jpg 111w\" sizes=\"auto, (max-width: 256px) 100vw, 256px\" \/><\/a><figcaption>Reliquaire montrance de Saint-Symphorien en laiton repouss\u00e9 et dor\u00e9. M\u00e9daillon oval sur pied rond. Seconde moiti\u00e9 du XVIII\u00e8me si\u00e8cle. Hauteur 42,50 cm.<\/figcaption><\/figure><\/div>\n\n\n\n<div class=\"wp-block-image\"><figure class=\"aligncenter size-large\"><a href=\"http:\/\/www.confrerie-saint-symphorien.be\/wp-content\/uploads\/2020\/11\/4.Img_0489_edited.jpg\"><img loading=\"lazy\" decoding=\"async\" width=\"405\" height=\"690\" src=\"http:\/\/www.confrerie-saint-symphorien.be\/wp-content\/uploads\/2020\/11\/4.Img_0489_edited.jpg\" alt=\"\" class=\"wp-image-2998\" srcset=\"http:\/\/www.confrerie-saint-symphorien.be\/wp-content\/uploads\/2020\/11\/4.Img_0489_edited.jpg 405w, http:\/\/www.confrerie-saint-symphorien.be\/wp-content\/uploads\/2020\/11\/4.Img_0489_edited-176x300.jpg 176w\" sizes=\"auto, (max-width: 405px) 100vw, 405px\" \/><\/a><figcaption>Calice par G. Durieu de Tournai 1914. Copie d&rsquo;apr\u00e8s mod\u00e8le ancien d&rsquo;Hugo d&rsquo;Oignies. En argent partiellement mielle et dor\u00e9 avec pierreries. Gravures repr\u00e9sentant la Vierge \u00e0 l&rsquo;Enfant, St-Louis, St-Joseph, Saint avec initiales AMDG (probablement St-Ignace-de-Loyola), St-\u00e9v\u00eaque avec brebis, Saint portant un livre, St-martyr, St-Beno\u00eet, St-moine tenant des cha\u00eenes, St-Gr\u00e9goire. Sur le pied, les personnages de la C\u00e8ne sous des arcades. Sur la coupe inscription : Leroy Hector 1888 &#8211; Ordination 1914 Tournai.<\/figcaption><\/figure><\/div>\n\n\n\n<div class=\"wp-block-image\"><figure class=\"aligncenter size-large\"><a href=\"http:\/\/www.confrerie-saint-symphorien.be\/wp-content\/uploads\/2020\/11\/5.Img_0491_edited.jpg\"><img loading=\"lazy\" decoding=\"async\" width=\"387\" height=\"694\" src=\"http:\/\/www.confrerie-saint-symphorien.be\/wp-content\/uploads\/2020\/11\/5.Img_0491_edited.jpg\" alt=\"\" class=\"wp-image-2999\" srcset=\"http:\/\/www.confrerie-saint-symphorien.be\/wp-content\/uploads\/2020\/11\/5.Img_0491_edited.jpg 387w, http:\/\/www.confrerie-saint-symphorien.be\/wp-content\/uploads\/2020\/11\/5.Img_0491_edited-167x300.jpg 167w\" sizes=\"auto, (max-width: 387px) 100vw, 387px\" \/><\/a><figcaption>Calice n\u00e9o-gothique, moiti\u00e9 du XIX\u00e8me si\u00e8cle. M\u00e9tal argent\u00e9. Coupe en argent dor\u00e9 et cabochons. Don du cur\u00e9 H\u00e9nau (1855-1867). Hauteur : 21 cm.<\/figcaption><\/figure><\/div>\n\n\n\n<div class=\"wp-block-image\"><figure class=\"aligncenter size-large\"><a href=\"http:\/\/www.confrerie-saint-symphorien.be\/wp-content\/uploads\/2020\/11\/6.Img_0494_edited.jpg\"><img loading=\"lazy\" decoding=\"async\" width=\"345\" height=\"686\" src=\"http:\/\/www.confrerie-saint-symphorien.be\/wp-content\/uploads\/2020\/11\/6.Img_0494_edited.jpg\" alt=\"\" class=\"wp-image-3000\" srcset=\"http:\/\/www.confrerie-saint-symphorien.be\/wp-content\/uploads\/2020\/11\/6.Img_0494_edited.jpg 345w, http:\/\/www.confrerie-saint-symphorien.be\/wp-content\/uploads\/2020\/11\/6.Img_0494_edited-151x300.jpg 151w\" sizes=\"auto, (max-width: 345px) 100vw, 345px\" \/><\/a><figcaption>Ciboire \u00e0 couronne en argent. Style Louis XV. Epis et raisins sur la fausse-coupe. Poin\u00e7ons : Mons &#8211; P &#8211; couronne &#8211; 62. 1762. Hauteur : 34 cm.<\/figcaption><\/figure><\/div>\n\n\n\n<div class=\"wp-block-image\"><figure class=\"aligncenter size-large\"><a href=\"http:\/\/www.confrerie-saint-symphorien.be\/wp-content\/uploads\/2020\/11\/7.Img_0502_edited.jpg\"><img loading=\"lazy\" decoding=\"async\" width=\"391\" height=\"690\" src=\"http:\/\/www.confrerie-saint-symphorien.be\/wp-content\/uploads\/2020\/11\/7.Img_0502_edited.jpg\" alt=\"\" class=\"wp-image-3001\" srcset=\"http:\/\/www.confrerie-saint-symphorien.be\/wp-content\/uploads\/2020\/11\/7.Img_0502_edited.jpg 391w, http:\/\/www.confrerie-saint-symphorien.be\/wp-content\/uploads\/2020\/11\/7.Img_0502_edited-170x300.jpg 170w\" sizes=\"auto, (max-width: 391px) 100vw, 391px\" \/><\/a><figcaption>Encensoir argent\u00e9 du milieu du XIX\u00e8me si\u00e8cle<\/figcaption><\/figure><\/div>\n\n\n\n<div class=\"wp-block-image\"><figure class=\"aligncenter size-large\"><a href=\"http:\/\/www.confrerie-saint-symphorien.be\/wp-content\/uploads\/2020\/11\/8.Img_0505_edited.jpg\"><img loading=\"lazy\" decoding=\"async\" width=\"430\" height=\"686\" src=\"http:\/\/www.confrerie-saint-symphorien.be\/wp-content\/uploads\/2020\/11\/8.Img_0505_edited.jpg\" alt=\"\" class=\"wp-image-3002\" srcset=\"http:\/\/www.confrerie-saint-symphorien.be\/wp-content\/uploads\/2020\/11\/8.Img_0505_edited.jpg 430w, http:\/\/www.confrerie-saint-symphorien.be\/wp-content\/uploads\/2020\/11\/8.Img_0505_edited-188x300.jpg 188w\" sizes=\"auto, (max-width: 430px) 100vw, 430px\" \/><\/a><figcaption>Ostensoir-soleil en argent et cuivre dor\u00e9. Para\u00eet \u00eatre du d\u00e9but de l&rsquo;Empire. La gloire \u00e0 t\u00eate d&rsquo;angelots. Epis, raisins et angelots soutenant la couronne. Poin\u00e7ons : Mons &#8211; G &#8211; couronne &#8211; 92. 1792.<\/figcaption><\/figure><\/div>\n\n\n\n<p class=\"has-text-align-right has-small-font-size\">\u00a9Texte de Bernard Detry<\/p>\n","protected":false},"excerpt":{"rendered":"<p>Calices, ciboires et autres tr\u00e9sors de la fabrique d&rsquo;\u00e9glise. Par \u00ab\u00a0objet du culte\u00a0\u00bb, on entend :objet li\u00e9 \u00e0 l&rsquo;autel, objet li\u00e9 \u00e0 l&rsquo;Eucharistie, objet li\u00e9 aux autres sacrements, objet li\u00e9 \u00e0 l&rsquo;ablution \u00e0 l&rsquo;aspersion et \u00e0 l&rsquo;encensement, objet li\u00e9 \u00e0 l&rsquo;offrande et \u00e0 la qu\u00eate, objet li\u00e9 aux temps de No\u00ebl et de Car\u00eame, objet &hellip; <\/p>\n<p class=\"link-more\"><a href=\"http:\/\/www.confrerie-saint-symphorien.be\/?p=2993\" class=\"more-link\">Continuer la lecture<span class=\"screen-reader-text\"> de &laquo;&nbsp;Objets du culte.&nbsp;&raquo;<\/span><\/a><\/p>\n","protected":false},"author":1,"featured_media":0,"comment_status":"open","ping_status":"open","sticky":false,"template":"","format":"standard","meta":{"_exactmetrics_skip_tracking":false,"_exactmetrics_sitenote_active":false,"_exactmetrics_sitenote_note":"","_exactmetrics_sitenote_category":0,"ngg_post_thumbnail":0,"footnotes":""},"categories":[173],"tags":[],"class_list":["post-2993","post","type-post","status-publish","format-standard","hentry","category-patrimoine"],"_links":{"self":[{"href":"http:\/\/www.confrerie-saint-symphorien.be\/index.php?rest_route=\/wp\/v2\/posts\/2993","targetHints":{"allow":["GET"]}}],"collection":[{"href":"http:\/\/www.confrerie-saint-symphorien.be\/index.php?rest_route=\/wp\/v2\/posts"}],"about":[{"href":"http:\/\/www.confrerie-saint-symphorien.be\/index.php?rest_route=\/wp\/v2\/types\/post"}],"author":[{"embeddable":true,"href":"http:\/\/www.confrerie-saint-symphorien.be\/index.php?rest_route=\/wp\/v2\/users\/1"}],"replies":[{"embeddable":true,"href":"http:\/\/www.confrerie-saint-symphorien.be\/index.php?rest_route=%2Fwp%2Fv2%2Fcomments&post=2993"}],"version-history":[{"count":2,"href":"http:\/\/www.confrerie-saint-symphorien.be\/index.php?rest_route=\/wp\/v2\/posts\/2993\/revisions"}],"predecessor-version":[{"id":3408,"href":"http:\/\/www.confrerie-saint-symphorien.be\/index.php?rest_route=\/wp\/v2\/posts\/2993\/revisions\/3408"}],"wp:attachment":[{"href":"http:\/\/www.confrerie-saint-symphorien.be\/index.php?rest_route=%2Fwp%2Fv2%2Fmedia&parent=2993"}],"wp:term":[{"taxonomy":"category","embeddable":true,"href":"http:\/\/www.confrerie-saint-symphorien.be\/index.php?rest_route=%2Fwp%2Fv2%2Fcategories&post=2993"},{"taxonomy":"post_tag","embeddable":true,"href":"http:\/\/www.confrerie-saint-symphorien.be\/index.php?rest_route=%2Fwp%2Fv2%2Ftags&post=2993"}],"curies":[{"name":"wp","href":"https:\/\/api.w.org\/{rel}","templated":true}]}}