{"id":3004,"date":"2022-01-13T18:53:46","date_gmt":"2022-01-13T17:53:46","guid":{"rendered":"http:\/\/www.confrerie-saint-symphorien.be\/?p=3004"},"modified":"2022-01-13T20:27:34","modified_gmt":"2022-01-13T19:27:34","slug":"musiques-celestes","status":"publish","type":"post","link":"http:\/\/www.confrerie-saint-symphorien.be\/?p=3004","title":{"rendered":"Musiques c\u00e9lestes."},"content":{"rendered":"\n<p><strong><em>La pr\u00e9sente rubrique ambitionne de vous faire d\u00e9couvrir l&rsquo;orgue et les cloches de l&rsquo;\u00e9glise. Cet instrument d&rsquo;un \u00e2ge respectable (dat\u00e9 de 1763) et ces vieilles dames (installation en 1708) ont \u00e9galement une histoire int\u00e9ressante. En voici l&rsquo;essentiel.<\/em><\/strong><\/p>\n\n\n\n<p>I. L&rsquo;orgue.<\/p>\n\n\n\n<p>Construit en 1763 par Armand Joseph LION (1720-1805), facteur d&rsquo;orgues install\u00e9 \u00e0 Mons, il fut restaur\u00e9 de 1984 \u00e0 1986 dans le plus grand respect de son esth\u00e9tique et de sa technique d&rsquo;origine. Il s&rsquo;agit en r\u00e9alit\u00e9 d&rsquo;un orgue dit positif (cf.sch\u00e9ma ci-dessous) de type classique.<br>Il est sans conteste un des plus int\u00e9ressants de la r\u00e9gion montoise. Il m\u00e9riterait assur\u00e9ment l&rsquo;organisation de concerts au sein de l&rsquo;\u00e9glise.<\/p>\n\n\n\n<p>L&rsquo;instrument se compose (cf. infra sch\u00e9ma) :<br>&#8211; du Grand Orgue,<br>&#8211; de la console (nouvelle),<br>&#8211; du clavier,<br>&#8211; du p\u00e9dalier,<br>&#8211; de la tuyauterie en \u00e9tain (d&rsquo;origine),<br>&#8211; du buffet (original) enti\u00e8rement en ch\u00eane,<br>&#8211; de la soufflerie (neuve) situ\u00e9e dans le soubassement,<br>&#8211; du sommier (original),<br>&#8211; de la transmission m\u00e9canique (neuve).<\/p>\n\n\n\n<p>II. Les cloches.<\/p>\n\n\n\n<p>Bien que la construction du clocher se situe aux environs de 1450, ce n&rsquo;est qu&rsquo;en 1562 que les annales font allusion aux cloches. Leur installation eut lieu en 1708, en souvenir de l&rsquo;accession de Robert de Choysy, \u00e9cuyer, \u00e0 la seigneurie de Saint-Symphorien.&nbsp;<br>Il s&rsquo;agit de trois belles cloches fondues en m\u00eame temps par F\u00e9lix SANARD de Tournai :<br>&#8211; ANGELIQUE, plac\u00e9e dans la charpente, au niveau des abat-sons sup\u00e9rieurs : 850 kgs &#8211; FA ;<br>&#8211; BEATRIX : 1200 kgs &#8211; MI ;<br>&#8211; MARIE-FRANCOISE : 1600 kgs &#8211; RE ; f\u00e9l\u00e9e, elle fut refondue en 1919 par MICHIELS de Tournai et pris le nom MARIE-LOUISE.<\/p>\n\n\n\n<p>En 1919 \u00e9galement, la suspension des trois cloches fut renouvel\u00e9e (nouvelles roues en orne et coussinets \u00e0 billes).<br>En 1933, elles furent \u00e9lectrifi\u00e9es par M.DELIZEE et par M.Vital DUBOIS. Le glas fut install\u00e9 \u00e0 cette occasion.<br>En 1943, Marie-Louise fut enlev\u00e9e par les Allemands et remplac\u00e9e en 1953 par EMMY-MARIE (1800 kgs &#8211; DO di\u00e8se &#8211; fondeur MICHIELS de Tournai). La marainne \u00e9tait Emmy MAIGRET de PRICHES et le parrain l&rsquo;abb\u00e9 Jean-Pierre MARCQ (cf rubrique \u00ab\u00a0Images du pass\u00e9\u00a0\u00bb).<\/p>\n\n\n\n<div class=\"wp-block-image\"><figure class=\"aligncenter size-large\"><a href=\"http:\/\/www.confrerie-saint-symphorien.be\/wp-content\/uploads\/2020\/11\/Schema1Orgue.jpg\"><img loading=\"lazy\" decoding=\"async\" width=\"658\" height=\"660\" src=\"http:\/\/www.confrerie-saint-symphorien.be\/wp-content\/uploads\/2020\/11\/Schema1Orgue.jpg\" alt=\"\" class=\"wp-image-3005\" srcset=\"http:\/\/www.confrerie-saint-symphorien.be\/wp-content\/uploads\/2020\/11\/Schema1Orgue.jpg 658w, http:\/\/www.confrerie-saint-symphorien.be\/wp-content\/uploads\/2020\/11\/Schema1Orgue-300x300.jpg 300w, http:\/\/www.confrerie-saint-symphorien.be\/wp-content\/uploads\/2020\/11\/Schema1Orgue-150x150.jpg 150w, http:\/\/www.confrerie-saint-symphorien.be\/wp-content\/uploads\/2020\/11\/Schema1Orgue-100x100.jpg 100w\" sizes=\"auto, (max-width: 658px) 100vw, 658px\" \/><\/a><figcaption>Sch\u00e9ma de l&rsquo;orgue positif de type classique.<\/figcaption><\/figure><\/div>\n\n\n\n<div class=\"wp-block-image\"><figure class=\"aligncenter size-large\"><a href=\"http:\/\/www.confrerie-saint-symphorien.be\/wp-content\/uploads\/2020\/11\/Orgue1.jpg\"><img loading=\"lazy\" decoding=\"async\" width=\"986\" height=\"670\" src=\"http:\/\/www.confrerie-saint-symphorien.be\/wp-content\/uploads\/2020\/11\/Orgue1.jpg\" alt=\"\" class=\"wp-image-3006\" srcset=\"http:\/\/www.confrerie-saint-symphorien.be\/wp-content\/uploads\/2020\/11\/Orgue1.jpg 986w, http:\/\/www.confrerie-saint-symphorien.be\/wp-content\/uploads\/2020\/11\/Orgue1-300x204.jpg 300w, http:\/\/www.confrerie-saint-symphorien.be\/wp-content\/uploads\/2020\/11\/Orgue1-768x522.jpg 768w\" sizes=\"auto, (max-width: 706px) 89vw, (max-width: 767px) 82vw, 740px\" \/><\/a><figcaption>L&rsquo;orgue restaur\u00e9.<\/figcaption><\/figure><\/div>\n\n\n\n<div class=\"wp-block-image\"><figure class=\"aligncenter size-large\"><a href=\"http:\/\/www.confrerie-saint-symphorien.be\/wp-content\/uploads\/2020\/11\/FairepartCloches1.jpg\"><img loading=\"lazy\" decoding=\"async\" width=\"962\" height=\"670\" src=\"http:\/\/www.confrerie-saint-symphorien.be\/wp-content\/uploads\/2020\/11\/FairepartCloches1.jpg\" alt=\"\" class=\"wp-image-3007\" srcset=\"http:\/\/www.confrerie-saint-symphorien.be\/wp-content\/uploads\/2020\/11\/FairepartCloches1.jpg 962w, http:\/\/www.confrerie-saint-symphorien.be\/wp-content\/uploads\/2020\/11\/FairepartCloches1-300x209.jpg 300w, http:\/\/www.confrerie-saint-symphorien.be\/wp-content\/uploads\/2020\/11\/FairepartCloches1-768x535.jpg 768w\" sizes=\"auto, (max-width: 706px) 89vw, (max-width: 767px) 82vw, 740px\" \/><\/a><figcaption>Faire-part de cons\u00e9cration de EMMY-MARIE &#8211; 25 mai 1953.<\/figcaption><\/figure><\/div>\n\n\n\n<div class=\"wp-block-image\"><figure class=\"aligncenter size-large\"><a href=\"http:\/\/www.confrerie-saint-symphorien.be\/wp-content\/uploads\/2020\/11\/Cloches1953.jpg\"><img loading=\"lazy\" decoding=\"async\" width=\"460\" height=\"670\" src=\"http:\/\/www.confrerie-saint-symphorien.be\/wp-content\/uploads\/2020\/11\/Cloches1953.jpg\" alt=\"\" class=\"wp-image-3008\" srcset=\"http:\/\/www.confrerie-saint-symphorien.be\/wp-content\/uploads\/2020\/11\/Cloches1953.jpg 460w, http:\/\/www.confrerie-saint-symphorien.be\/wp-content\/uploads\/2020\/11\/Cloches1953-206x300.jpg 206w\" sizes=\"auto, (max-width: 460px) 100vw, 460px\" \/><\/a><figcaption>La jeune EMMY-MARIE.<\/figcaption><\/figure><\/div>\n\n\n\n<div class=\"wp-block-image\"><figure class=\"aligncenter size-large\"><a href=\"http:\/\/www.confrerie-saint-symphorien.be\/wp-content\/uploads\/2020\/11\/Cloches1919.jpg\"><img loading=\"lazy\" decoding=\"async\" width=\"502\" height=\"670\" src=\"http:\/\/www.confrerie-saint-symphorien.be\/wp-content\/uploads\/2020\/11\/Cloches1919.jpg\" alt=\"\" class=\"wp-image-3009\" srcset=\"http:\/\/www.confrerie-saint-symphorien.be\/wp-content\/uploads\/2020\/11\/Cloches1919.jpg 502w, http:\/\/www.confrerie-saint-symphorien.be\/wp-content\/uploads\/2020\/11\/Cloches1919-225x300.jpg 225w\" sizes=\"auto, (max-width: 502px) 100vw, 502px\" \/><\/a><figcaption>Renouvellement de la suspension (1919).<\/figcaption><\/figure><\/div>\n\n\n\n<div class=\"wp-block-image\"><figure class=\"aligncenter size-large\"><a href=\"http:\/\/www.confrerie-saint-symphorien.be\/wp-content\/uploads\/2020\/11\/Clochesrefonte1919.jpg\"><img loading=\"lazy\" decoding=\"async\" width=\"515\" height=\"670\" src=\"http:\/\/www.confrerie-saint-symphorien.be\/wp-content\/uploads\/2020\/11\/Clochesrefonte1919.jpg\" alt=\"\" class=\"wp-image-3010\" srcset=\"http:\/\/www.confrerie-saint-symphorien.be\/wp-content\/uploads\/2020\/11\/Clochesrefonte1919.jpg 515w, http:\/\/www.confrerie-saint-symphorien.be\/wp-content\/uploads\/2020\/11\/Clochesrefonte1919-231x300.jpg 231w\" sizes=\"auto, (max-width: 515px) 100vw, 515px\" \/><\/a><figcaption>Refonte de Marie-Fran\u00e7oise et naissance de Marie-Louise (1919).<\/figcaption><\/figure><\/div>\n\n\n\n<div class=\"wp-block-image\"><figure class=\"aligncenter size-large\"><a href=\"http:\/\/www.confrerie-saint-symphorien.be\/wp-content\/uploads\/2020\/11\/Clocheallemand43.jpg\"><img loading=\"lazy\" decoding=\"async\" width=\"392\" height=\"499\" src=\"http:\/\/www.confrerie-saint-symphorien.be\/wp-content\/uploads\/2020\/11\/Clocheallemand43.jpg\" alt=\"\" class=\"wp-image-3011\" srcset=\"http:\/\/www.confrerie-saint-symphorien.be\/wp-content\/uploads\/2020\/11\/Clocheallemand43.jpg 392w, http:\/\/www.confrerie-saint-symphorien.be\/wp-content\/uploads\/2020\/11\/Clocheallemand43-236x300.jpg 236w\" sizes=\"auto, (max-width: 392px) 100vw, 392px\" \/><\/a><figcaption>Marie-Louise enlev\u00e9e par les allemands en 1943.<\/figcaption><\/figure><\/div>\n\n\n\n<p class=\"has-text-align-right has-small-font-size\">\u00a9Texte de Bernard Detry<\/p>\n","protected":false},"excerpt":{"rendered":"<p>La pr\u00e9sente rubrique ambitionne de vous faire d\u00e9couvrir l&rsquo;orgue et les cloches de l&rsquo;\u00e9glise. Cet instrument d&rsquo;un \u00e2ge respectable (dat\u00e9 de 1763) et ces vieilles dames (installation en 1708) ont \u00e9galement une histoire int\u00e9ressante. En voici l&rsquo;essentiel. I. L&rsquo;orgue. Construit en 1763 par Armand Joseph LION (1720-1805), facteur d&rsquo;orgues install\u00e9 \u00e0 Mons, il fut restaur\u00e9 &hellip; <\/p>\n<p class=\"link-more\"><a href=\"http:\/\/www.confrerie-saint-symphorien.be\/?p=3004\" class=\"more-link\">Continuer la lecture<span class=\"screen-reader-text\"> de &laquo;&nbsp;Musiques c\u00e9lestes.&nbsp;&raquo;<\/span><\/a><\/p>\n","protected":false},"author":1,"featured_media":0,"comment_status":"open","ping_status":"open","sticky":false,"template":"","format":"standard","meta":{"_exactmetrics_skip_tracking":false,"_exactmetrics_sitenote_active":false,"_exactmetrics_sitenote_note":"","_exactmetrics_sitenote_category":0,"ngg_post_thumbnail":0,"footnotes":""},"categories":[173],"tags":[],"class_list":["post-3004","post","type-post","status-publish","format-standard","hentry","category-patrimoine"],"_links":{"self":[{"href":"http:\/\/www.confrerie-saint-symphorien.be\/index.php?rest_route=\/wp\/v2\/posts\/3004","targetHints":{"allow":["GET"]}}],"collection":[{"href":"http:\/\/www.confrerie-saint-symphorien.be\/index.php?rest_route=\/wp\/v2\/posts"}],"about":[{"href":"http:\/\/www.confrerie-saint-symphorien.be\/index.php?rest_route=\/wp\/v2\/types\/post"}],"author":[{"embeddable":true,"href":"http:\/\/www.confrerie-saint-symphorien.be\/index.php?rest_route=\/wp\/v2\/users\/1"}],"replies":[{"embeddable":true,"href":"http:\/\/www.confrerie-saint-symphorien.be\/index.php?rest_route=%2Fwp%2Fv2%2Fcomments&post=3004"}],"version-history":[{"count":2,"href":"http:\/\/www.confrerie-saint-symphorien.be\/index.php?rest_route=\/wp\/v2\/posts\/3004\/revisions"}],"predecessor-version":[{"id":3409,"href":"http:\/\/www.confrerie-saint-symphorien.be\/index.php?rest_route=\/wp\/v2\/posts\/3004\/revisions\/3409"}],"wp:attachment":[{"href":"http:\/\/www.confrerie-saint-symphorien.be\/index.php?rest_route=%2Fwp%2Fv2%2Fmedia&parent=3004"}],"wp:term":[{"taxonomy":"category","embeddable":true,"href":"http:\/\/www.confrerie-saint-symphorien.be\/index.php?rest_route=%2Fwp%2Fv2%2Fcategories&post=3004"},{"taxonomy":"post_tag","embeddable":true,"href":"http:\/\/www.confrerie-saint-symphorien.be\/index.php?rest_route=%2Fwp%2Fv2%2Ftags&post=3004"}],"curies":[{"name":"wp","href":"https:\/\/api.w.org\/{rel}","templated":true}]}}