{"id":4516,"date":"2023-08-29T08:40:40","date_gmt":"2023-08-29T06:40:40","guid":{"rendered":"http:\/\/www.confrerie-saint-symphorien.be\/?p=4516"},"modified":"2024-08-21T11:56:15","modified_gmt":"2024-08-21T09:56:15","slug":"procession-saint-symphorien-2023","status":"publish","type":"post","link":"http:\/\/www.confrerie-saint-symphorien.be\/?p=4516","title":{"rendered":"Procession Saint-Symphorien 2023"},"content":{"rendered":"\n<p>En ce dimanche 27\/08\/2023, le Tour suivi de la Procession rend hommage au saint patron de notre village. <\/p>\n\n\n\n<p>Tout d&rsquo;abord le reportage de TeleMB mis en ligne le 28\/08\/2023.<\/p>\n\n\n\n<div style=\"height:0;padding-bottom:56.25%;position:relative;\"><iframe loading=\"lazy\" src=\"https:\/\/telemb.fcst.tv\/player\/embed\/3890003\" width=\"100%\" height=\"100%\" style=\"border:0;left:0;position:absolute;top:0;\" frameborder=\"0\" scrolling=\"no\" allowfullscreen><\/iframe><\/div>\n\n\n\n<hr class=\"wp-block-separator has-alpha-channel-opacity\"\/>\n\n\n\n<p>Quelques images de l&rsquo;entr\u00e9e de la Confr\u00e9rie escort\u00e9e par les hallebardiers.<\/p>\n\n\n\n<figure class=\"wp-block-video\"><video height=\"480\" style=\"aspect-ratio: 848 \/ 480;\" width=\"848\" controls src=\"http:\/\/www.confrerie-saint-symphorien.be\/wp-content\/uploads\/2023\/08\/WhatsApp-Video-2023-08-27-at-18.40.41.mp4\"><\/video><\/figure>\n\n\n\n<p>Et quelques photos des confr\u00e8res.<\/p>\n\n\n\nngg_shortcode_0_placeholder\n","protected":false},"excerpt":{"rendered":"<p>En ce dimanche 27\/08\/2023, le Tour suivi de la Procession rend hommage au saint patron de notre village. Tout d&rsquo;abord le reportage de TeleMB mis en ligne le 28\/08\/2023. Quelques images de l&rsquo;entr\u00e9e de la Confr\u00e9rie escort\u00e9e par les hallebardiers. Et quelques photos des confr\u00e8res.<\/p>\n","protected":false},"author":1,"featured_media":0,"comment_status":"open","ping_status":"open","sticky":false,"template":"","format":"standard","meta":{"_exactmetrics_skip_tracking":false,"_exactmetrics_sitenote_active":false,"_exactmetrics_sitenote_note":"","_exactmetrics_sitenote_category":0,"ngg_post_thumbnail":0,"footnotes":""},"categories":[13],"tags":[],"class_list":["post-4516","post","type-post","status-publish","format-standard","hentry","category-video"],"_links":{"self":[{"href":"http:\/\/www.confrerie-saint-symphorien.be\/index.php?rest_route=\/wp\/v2\/posts\/4516","targetHints":{"allow":["GET"]}}],"collection":[{"href":"http:\/\/www.confrerie-saint-symphorien.be\/index.php?rest_route=\/wp\/v2\/posts"}],"about":[{"href":"http:\/\/www.confrerie-saint-symphorien.be\/index.php?rest_route=\/wp\/v2\/types\/post"}],"author":[{"embeddable":true,"href":"http:\/\/www.confrerie-saint-symphorien.be\/index.php?rest_route=\/wp\/v2\/users\/1"}],"replies":[{"embeddable":true,"href":"http:\/\/www.confrerie-saint-symphorien.be\/index.php?rest_route=%2Fwp%2Fv2%2Fcomments&post=4516"}],"version-history":[{"count":9,"href":"http:\/\/www.confrerie-saint-symphorien.be\/index.php?rest_route=\/wp\/v2\/posts\/4516\/revisions"}],"predecessor-version":[{"id":5034,"href":"http:\/\/www.confrerie-saint-symphorien.be\/index.php?rest_route=\/wp\/v2\/posts\/4516\/revisions\/5034"}],"wp:attachment":[{"href":"http:\/\/www.confrerie-saint-symphorien.be\/index.php?rest_route=%2Fwp%2Fv2%2Fmedia&parent=4516"}],"wp:term":[{"taxonomy":"category","embeddable":true,"href":"http:\/\/www.confrerie-saint-symphorien.be\/index.php?rest_route=%2Fwp%2Fv2%2Fcategories&post=4516"},{"taxonomy":"post_tag","embeddable":true,"href":"http:\/\/www.confrerie-saint-symphorien.be\/index.php?rest_route=%2Fwp%2Fv2%2Ftags&post=4516"}],"curies":[{"name":"wp","href":"https:\/\/api.w.org\/{rel}","templated":true}]}}