{"id":4963,"date":"2024-06-05T14:00:21","date_gmt":"2024-06-05T12:00:21","guid":{"rendered":"http:\/\/www.confrerie-saint-symphorien.be\/?p=4963"},"modified":"2024-06-19T14:03:43","modified_gmt":"2024-06-19T12:03:43","slug":"procession-saint-jean-baptiste-a-havay","status":"publish","type":"post","link":"http:\/\/www.confrerie-saint-symphorien.be\/?p=4963","title":{"rendered":"Procession Saint Jean-Baptiste \u00e0 Havay\u00a0"},"content":{"rendered":"\n<p>Bonjour \u00e0 tous,<\/p>\n\n\n\n<p>Le mois de mai a \u00e9t\u00e9 charg\u00e9 en termes de processions : \u00a0Frameries le 9, Gerpinnes le 20 et en apog\u00e9e, la procession du Car d\u2019Or \u00e0 Mons le 26.<\/p>\n\n\n\n<p>Notre prochaine sortie aura lieu le dimanche 30 juin \u00e0 Havay \u00e0 l\u2019invitation de la Confr\u00e9rie Saint-Jean Baptiste d\u2019Havay.<\/p>\n\n\n\n<p>Chaque procession a sa particularit\u00e9. Apr\u00e8s la foule de Mons, Havay a un caract\u00e8re plus intimiste qui a son charme et la convivialit\u00e9 est pr\u00e9sente dans l\u2019\u00e9change avec les autres confr\u00e9ries et les habitants du village.<\/p>\n\n\n\n<p>La journ\u00e9e commence \u00e0 9h30 par la messe des p\u00e8lerins. A 10h30 c\u2019est le d\u00e9part de la procession qui se termine vers 13h00 par le verre de l\u2019amiti\u00e9 que nous pouvons prolonger par un repas (BBQ avec buffet d\u2019accompagnement) \u00e0 prix tr\u00e8s d\u00e9mocratique (d\u00e9tails suivront) avec les confr\u00e9ries pr\u00e9sentes mais aussi, et surtout, les habitants de la commune.<\/p>\n\n\n\n<p>Comme \u00e0 chaque procession, les toges seront mises \u00e0 votre disposition le temps de la procession.<\/p>\n\n\n\n<p>Il ne reste plus qu\u2019\u00e0 vous inscrire via l\u2019onglet ci-dessous en signalant si vous d\u00e9sirez participer au BBQ .<\/p>\n\n\n\n<p>Nous vous attendons nombreux pour repr\u00e9senter la Confr\u00e9rie Saint Symphorien.<br>Et n\u2019h\u00e9sitez pas \u00e0 poser vos questions par mail \u00e0\u00a0<a href=\"mailto:confr%C3%A9rie.saint.symphorien@gmail.com?subject=Procession%20d'Havay\" target=\"_blank\" rel=\"noreferrer noopener\">confr\u00e9rie.saint.symphorien@gmail.com<\/a>\u00a0\u00a0ou au +32 477 37 72 84.<\/p>\n\n\n\n<p>Confraternellement v\u00f4tre,<\/p>\n\n\n\n<div class=\"wp-block-buttons is-content-justification-center is-layout-flex wp-container-core-buttons-is-layout-16018d1d wp-block-buttons-is-layout-flex\">\n<div class=\"wp-block-button has-custom-width wp-block-button__width-75\"><a class=\"wp-block-button__link has-vivid-cyan-blue-background-color has-background wp-element-button\" href=\"http:\/\/www.confrerie-saint-symphorien.be\/?page_id=4879\" target=\"_blank\" rel=\"noreferrer noopener\">Je participe \u00e0 la Procession d&rsquo;Havay<\/a><\/div>\n<\/div>\n","protected":false},"excerpt":{"rendered":"<p>Bonjour \u00e0 tous, Le mois de mai a \u00e9t\u00e9 charg\u00e9 en termes de processions : \u00a0Frameries le 9, Gerpinnes le 20 et en apog\u00e9e, la procession du Car d\u2019Or \u00e0 Mons le 26. Notre prochaine sortie aura lieu le dimanche 30 juin \u00e0 Havay \u00e0 l\u2019invitation de la Confr\u00e9rie Saint-Jean Baptiste d\u2019Havay. Chaque procession a &hellip; <\/p>\n<p class=\"link-more\"><a href=\"http:\/\/www.confrerie-saint-symphorien.be\/?p=4963\" class=\"more-link\">Continuer la lecture<span class=\"screen-reader-text\"> de &laquo;&nbsp;Procession Saint Jean-Baptiste \u00e0 Havay\u00a0&nbsp;&raquo;<\/span><\/a><\/p>\n","protected":false},"author":1,"featured_media":0,"comment_status":"open","ping_status":"open","sticky":false,"template":"","format":"standard","meta":{"_exactmetrics_skip_tracking":false,"_exactmetrics_sitenote_active":false,"_exactmetrics_sitenote_note":"","_exactmetrics_sitenote_category":0,"ngg_post_thumbnail":0,"footnotes":""},"categories":[1],"tags":[],"class_list":["post-4963","post","type-post","status-publish","format-standard","hentry","category-non-classe"],"_links":{"self":[{"href":"http:\/\/www.confrerie-saint-symphorien.be\/index.php?rest_route=\/wp\/v2\/posts\/4963","targetHints":{"allow":["GET"]}}],"collection":[{"href":"http:\/\/www.confrerie-saint-symphorien.be\/index.php?rest_route=\/wp\/v2\/posts"}],"about":[{"href":"http:\/\/www.confrerie-saint-symphorien.be\/index.php?rest_route=\/wp\/v2\/types\/post"}],"author":[{"embeddable":true,"href":"http:\/\/www.confrerie-saint-symphorien.be\/index.php?rest_route=\/wp\/v2\/users\/1"}],"replies":[{"embeddable":true,"href":"http:\/\/www.confrerie-saint-symphorien.be\/index.php?rest_route=%2Fwp%2Fv2%2Fcomments&post=4963"}],"version-history":[{"count":1,"href":"http:\/\/www.confrerie-saint-symphorien.be\/index.php?rest_route=\/wp\/v2\/posts\/4963\/revisions"}],"predecessor-version":[{"id":4964,"href":"http:\/\/www.confrerie-saint-symphorien.be\/index.php?rest_route=\/wp\/v2\/posts\/4963\/revisions\/4964"}],"wp:attachment":[{"href":"http:\/\/www.confrerie-saint-symphorien.be\/index.php?rest_route=%2Fwp%2Fv2%2Fmedia&parent=4963"}],"wp:term":[{"taxonomy":"category","embeddable":true,"href":"http:\/\/www.confrerie-saint-symphorien.be\/index.php?rest_route=%2Fwp%2Fv2%2Fcategories&post=4963"},{"taxonomy":"post_tag","embeddable":true,"href":"http:\/\/www.confrerie-saint-symphorien.be\/index.php?rest_route=%2Fwp%2Fv2%2Ftags&post=4963"}],"curies":[{"name":"wp","href":"https:\/\/api.w.org\/{rel}","templated":true}]}}